{"id":4808,"date":"2011-04-29T16:57:59","date_gmt":"2011-04-29T14:57:59","guid":{"rendered":"http:\/\/www.mariaabrahamsson.nu\/?p=4808"},"modified":"2011-04-30T01:09:04","modified_gmt":"2011-04-29T23:09:04","slug":"pa-vag-till-partillemoderaternas-omvalskampanj","status":"publish","type":"post","link":"https:\/\/www.mariaabrahamsson.nu\/index.php\/2011\/04\/29\/pa-vag-till-partillemoderaternas-omvalskampanj\/","title":{"rendered":"P\u00e5 v\u00e4g till Partillemoderaternas omvalskampanj"},"content":{"rendered":"<p><strong>Sedan ett par timmar<\/strong> f\u00e4rdas jag genom ett ljuvligt gr\u00f6nskande landskap p\u00e5 v\u00e4g mot G\u00f6teborg och vidare till Bohusl\u00e4n och Partille.\u00a0Det bohusl\u00e4nska Valborgsfirandet \u00e4r n\u00e5got extra, jag vet, men det \u00e4r inte f\u00f6r att fira v\u00e5ren med picknick p\u00e5 de sl\u00e4ta klipporna som jag \u00e4r p\u00e5 v\u00e4g dit.<\/p>\n<p>Precis som i \u00d6rebro \u00e4r det omval i V\u00e4stra G\u00f6talandsregionen den 15 maj. N\u00e5gon hejare p\u00e5 de lokalpolitiska stridsfr\u00e5gorna \u00e4r jag tyv\u00e4rr inte, d\u00e4rf\u00f6r sitter jag och h\u00e5rdpluggar mina moderatkompisars (och sossarnas) regionala valmanifest.<\/p>\n<p><strong>Mitt uppdrag \u00a0i morgon <\/strong>handlar allts\u00e5 om att tillsammans med partikompisar, d\u00e4ribland k\u00e4ra v\u00e4nnen <a href=\"http:\/\/sv.wikipedia.org\/wiki\/Inger_Ren\u00e9\">Inger Ren\u00e8<\/a>, mobilisera v\u00e4ljarna att trotsa eventuell valtr\u00f6tthet och i st\u00e4llet ta den gyllene chansen att faktiskt v\u00e4lja sig en ny framtid.<\/p>\n<p>I valmanifestet l\u00e4ser jag att alla ska ha r\u00e4tt till bra sjukv\u00e5rd utan k\u00f6er, att de som jobbar inom v\u00e5rden ska f\u00e5 mer att s\u00e4ga till om och att det ska vara l\u00e4tt att pendla i hela V\u00e4stra G\u00f6taland. S\u00e5 l\u00e5ngt k\u00e4nns allt hyfsat v\u00e4lbekant fr\u00e5n hemmavid.<\/p>\n<p><strong>Betydligt mer korvstoppning <\/strong>beh\u00f6ver jag f\u00f6r att i morgon kl 11.00 p\u00e5 <a href=\"http:\/\/www.google.com\/search?client=safari&amp;rls=en&amp;q=kyrktorget+och+partille&amp;ie=UTF-8&amp;oe=UTF-8\">Kyrktorget <\/a>(eller utanf\u00f6r Ica Maxi kl 14.00) \u00a0\u00f6vertygande kunna s\u00e4lja in den sp\u00e4nnande innovationen om att f\u00e5 ett starkt forskningscentrum f\u00f6r medicin och l\u00e4kemedel p\u00e5 plats i regionen.<\/p>\n<p>Jepp, h\u00e4r g\u00e4ller det att l\u00e4sa p\u00e5 f\u00f6r man vill ju inte g\u00f6ra v\u00e4ljarna besvikna! Dessutom har jag tipsat b\u00e5de <a href=\"http:\/\/www.gp.se\/\">GP<\/a> och <a href=\"http:\/\/gt.expressen.se\/\">GT<\/a> om Partillemoderaternas omvalskampanjande.<\/p>\n<p><strong>Har ni v\u00e4garna<\/strong> f\u00f6rbi s\u00e5 hemskt g\u00e4rna!<\/p>\n","protected":false},"excerpt":{"rendered":"<p>Sedan ett par timmar f\u00e4rdas jag genom ett ljuvligt gr\u00f6nskande landskap p\u00e5 v\u00e4g mot G\u00f6teborg och vidare till Bohusl\u00e4n och Partille.\u00a0Det bohusl\u00e4nska Valborgsfirandet \u00e4r n\u00e5got extra, jag vet, men det \u00e4r inte f\u00f6r att fira v\u00e5ren med picknick p\u00e5 de sl\u00e4ta klipporna som jag \u00e4r p\u00e5 v\u00e4g dit. Precis som i \u00d6rebro \u00e4r det omval&hellip;<\/p>\n<p class=\"more-link-p\"><a class=\"more-link\" href=\"https:\/\/www.mariaabrahamsson.nu\/index.php\/2011\/04\/29\/pa-vag-till-partillemoderaternas-omvalskampanj\/\">Read more &rarr;<\/a><\/p>\n","protected":false},"author":2,"featured_media":0,"comment_status":"open","ping_status":"open","sticky":false,"template":"","format":"standard","meta":{"footnotes":""},"categories":[1],"tags":[],"class_list":["post-4808","post","type-post","status-publish","format-standard","hentry","category-uncategorized"],"_links":{"self":[{"href":"https:\/\/www.mariaabrahamsson.nu\/index.php\/wp-json\/wp\/v2\/posts\/4808","targetHints":{"allow":["GET"]}}],"collection":[{"href":"https:\/\/www.mariaabrahamsson.nu\/index.php\/wp-json\/wp\/v2\/posts"}],"about":[{"href":"https:\/\/www.mariaabrahamsson.nu\/index.php\/wp-json\/wp\/v2\/types\/post"}],"author":[{"embeddable":true,"href":"https:\/\/www.mariaabrahamsson.nu\/index.php\/wp-json\/wp\/v2\/users\/2"}],"replies":[{"embeddable":true,"href":"https:\/\/www.mariaabrahamsson.nu\/index.php\/wp-json\/wp\/v2\/comments?post=4808"}],"version-history":[{"count":0,"href":"https:\/\/www.mariaabrahamsson.nu\/index.php\/wp-json\/wp\/v2\/posts\/4808\/revisions"}],"wp:attachment":[{"href":"https:\/\/www.mariaabrahamsson.nu\/index.php\/wp-json\/wp\/v2\/media?parent=4808"}],"wp:term":[{"taxonomy":"category","embeddable":true,"href":"https:\/\/www.mariaabrahamsson.nu\/index.php\/wp-json\/wp\/v2\/categories?post=4808"},{"taxonomy":"post_tag","embeddable":true,"href":"https:\/\/www.mariaabrahamsson.nu\/index.php\/wp-json\/wp\/v2\/tags?post=4808"}],"curies":[{"name":"wp","href":"https:\/\/api.w.org\/{rel}","templated":true}]}}