{"id":4689,"date":"2011-04-09T19:52:34","date_gmt":"2011-04-09T17:52:34","guid":{"rendered":"http:\/\/www.mariaabrahamsson.nu\/?p=4689"},"modified":"2011-04-09T20:49:52","modified_gmt":"2011-04-09T18:49:52","slug":"staupparen-schyman-skulle-nog-funka-som-namndeman","status":"publish","type":"post","link":"https:\/\/www.mariaabrahamsson.nu\/index.php\/2011\/04\/09\/staupparen-schyman-skulle-nog-funka-som-namndeman\/","title":{"rendered":"St\u00e5upparen Schyman skulle nog funka som n\u00e4mndeman&#8230;"},"content":{"rendered":"<p><strong>Vilken l\u00f6rdag!<\/strong> Jag \u00e4r inte bara ledig efter en sp\u00e4ckad men lyckad vecka. Klockan \u00e4r 19.30 och solen skiner i h\u00f6gerh\u00f6rnet av balkongen! Tidigare i dag satt det s\u00f6derbor p\u00e5 varenda uteservering fr\u00e5n Hornsgatan till Medborgarplatsen och huttrade i den bl\u00e5siga v\u00e5rsolen.<\/p>\n<p>Sj\u00e4lv klev jag in p\u00e5 biografen f\u00f6r att v\u00e5ndas och njuta av <a href=\"http:\/\/www.youtube.com\/watch?v=-aS4hoOSlzo\">The Kings Speech<\/a>.<\/p>\n<p><strong>Inspirerad blev jag<\/strong>. Typiskt nog har\u00a0jag inte fler utskottsbet\u00e4nkanden att f\u00f6rsvara i riksdagens talarstol f\u00f6re sommaren. Att st\u00e4lla till med en interpellationsdebatt med n\u00e5got av regeringens statsr\u00e5d &#8211; justitieministern? &#8211; bara f\u00f6r att f\u00e5 tillf\u00e4lle att taltr\u00e4na i kammaren \u00e4r v\u00e4l inte att t\u00e4nka p\u00e5? Eller&#8230;jo, varf\u00f6r inte?<\/p>\n<p>Blev du inte \u00f6verk\u00f6rd s\u00e5 det r\u00e4cker i torsdags kv\u00e4ll p\u00e5 <a href=\"http:\/\/www.ufuppsala.se\/\">Utrikespolitiska f\u00f6reningen<\/a> i Uppsala, undrar kanske n\u00e5gon som var d\u00e4r och h\u00f6rde Gudrun Schyman och mig debattera om hur vi ser p\u00e5 k\u00f6nsor\u00e4ttvisorna internationellt, ekonomiskt och juridiskt.<\/p>\n<p><strong>Okej, av skrattsalvorna<\/strong> och appl\u00e5d\u00e5skorna som Schyman drog ner f\u00f6rstod jag att studentpubliken som fyllde lokalen till yttersta stolen (ca 230 pers!) inte stod p\u00e5 min sida, enbart. Men det \u00e4r liksom mitt naturtillst\u00e5nd, alla \u00e4r emot mig!<\/p>\n<p>Gudrun \u00e4r verkligen v\u00e4ldigt mycket duktigare \u00e4n vad jag \u00e4r p\u00e5 att agera st\u00e5uppkomiker i favoritpolitiskt taskspel, f\u00f6rl\u00e5t \u00e4mne, d\u00e4r har jag en hel del att l\u00e4ra.<\/p>\n<p><strong>Men seri\u00f6st, om vi talar om kvinnol\u00e4get <\/strong> i v\u00e4rlden, f\u00f6r det var ju \u00e4nd\u00e5 den utrikespolitiska f\u00f6reningen som bj\u00f6d in oss, d\u00e5 m\u00e5ste man \u00e4nd\u00e5 medge att regeringen med bist\u00e5ndsminister Gunilla Carlsson i spetsen g\u00f6r v\u00e4ldigt mycket bra grejer f\u00f6r att \u00f6ka j\u00e4mst\u00e4lldheten i utvecklingsl\u00e4nder &#8211; och d\u00e4rmed f\u00f6r att <a href=\"http:\/\/www.regeringen.se\/sb\/d\/9237\/a\/145431\">st\u00e4rka kvinnors r\u00e4ttigheter i v\u00e4rlden<\/a>.<\/p>\n<p><a href=\"http:\/\/www.mariaabrahamsson.nu\/wp-content\/uploads\/2011\/04\/Uppsalatack1.jpg\"><img loading=\"lazy\" decoding=\"async\" class=\"alignleft size-medium wp-image-4692\" title=\"Uppsalatack\" src=\"http:\/\/www.mariaabrahamsson.nu\/wp-content\/uploads\/2011\/04\/Uppsalatack1-225x300.jpg\" alt=\"\" width=\"225\" height=\"300\" srcset=\"https:\/\/www.mariaabrahamsson.nu\/wp-content\/uploads\/2011\/04\/Uppsalatack1-225x300.jpg 225w, https:\/\/www.mariaabrahamsson.nu\/wp-content\/uploads\/2011\/04\/Uppsalatack1.jpg 576w\" sizes=\"auto, (max-width: 225px) 100vw, 225px\" \/><\/a><\/p>\n<p><strong>Av n\u00e5gon anledning s<\/strong>om jag fortfarande inte begriper var det i huvudsak svenska men \u00e4nd\u00e5 internationellt orienterade auditoriet i torsdags kv\u00e4ll totalt ointresserat av den typen av sakupplysningar.<\/p>\n<p>Sn\u00e4lla, kan n\u00e5gon ber\u00e4tta f\u00f6r mig varf\u00f6r upplysta studenter n\u00e5dens \u00e5r 2011 villigt l\u00e5ter sig f\u00f6rf\u00f6ras av en kvinna som har gjort sin egen person till lukrativ aff\u00e4rsid\u00e9 och tryggat leverbr\u00f6d, i st\u00e4llet f\u00f6r att \u00e4gna en kritisk tanke \u00e5t vad Gudrun Schyman egentligen s\u00e4ger om att g\u00f6ra livet b\u00e4ttre f\u00f6r kvinnor, internationellt, ekonomiskt och juridiskt?<\/p>\n<p><strong>Medan ni funderar <\/strong>p\u00e5 den saken tycker jag att ni ska lyssna p\u00e5 den h\u00e4r <a href=\"http:\/\/dinledamot.wordpress.com\/\">tjejen<\/a>. Ett klart minister\u00e4mne, inte bara p\u00e5 n\u00e4ringsminsterposten&#8230;<\/p>\n<p>Nej, det h\u00f6r verkligen inte hit, men den\u00a0<a href=\"http:\/\/expo.se\/2011\/sd-namndeman-sparkas-av-tingsratten_3648.html\">homofoba sverigedemokraten<\/a> i V\u00e4rmlands tingsr\u00e4tt f\u00e5r enligt <a href=\"http:\/\/www.blt.se\/nyheter\/tt_inrikes\/fel-att-sparka-sd-namndeman%282632833%29.gm\">\u00d6verklaganden\u00e4mnden<\/a> forts\u00e4tta att d\u00f6ma i domstol eftersom extrema \u00e5sikter inte r\u00e4cker som uteslutningsgrund.\u00a0Talar det f\u00f6r eller emot n\u00e4mndemannasystemet? Var jag st\u00e5r vet ni.<\/p>\n","protected":false},"excerpt":{"rendered":"<p>Vilken l\u00f6rdag! Jag \u00e4r inte bara ledig efter en sp\u00e4ckad men lyckad vecka. Klockan \u00e4r 19.30 och solen skiner i h\u00f6gerh\u00f6rnet av balkongen! Tidigare i dag satt det s\u00f6derbor p\u00e5 varenda uteservering fr\u00e5n Hornsgatan till Medborgarplatsen och huttrade i den bl\u00e5siga v\u00e5rsolen. Sj\u00e4lv klev jag in p\u00e5 biografen f\u00f6r att v\u00e5ndas och njuta av The&hellip;<\/p>\n<p class=\"more-link-p\"><a class=\"more-link\" href=\"https:\/\/www.mariaabrahamsson.nu\/index.php\/2011\/04\/09\/staupparen-schyman-skulle-nog-funka-som-namndeman\/\">Read more &rarr;<\/a><\/p>\n","protected":false},"author":2,"featured_media":0,"comment_status":"open","ping_status":"open","sticky":false,"template":"","format":"standard","meta":{"footnotes":""},"categories":[1],"tags":[],"class_list":["post-4689","post","type-post","status-publish","format-standard","hentry","category-uncategorized"],"_links":{"self":[{"href":"https:\/\/www.mariaabrahamsson.nu\/index.php\/wp-json\/wp\/v2\/posts\/4689","targetHints":{"allow":["GET"]}}],"collection":[{"href":"https:\/\/www.mariaabrahamsson.nu\/index.php\/wp-json\/wp\/v2\/posts"}],"about":[{"href":"https:\/\/www.mariaabrahamsson.nu\/index.php\/wp-json\/wp\/v2\/types\/post"}],"author":[{"embeddable":true,"href":"https:\/\/www.mariaabrahamsson.nu\/index.php\/wp-json\/wp\/v2\/users\/2"}],"replies":[{"embeddable":true,"href":"https:\/\/www.mariaabrahamsson.nu\/index.php\/wp-json\/wp\/v2\/comments?post=4689"}],"version-history":[{"count":0,"href":"https:\/\/www.mariaabrahamsson.nu\/index.php\/wp-json\/wp\/v2\/posts\/4689\/revisions"}],"wp:attachment":[{"href":"https:\/\/www.mariaabrahamsson.nu\/index.php\/wp-json\/wp\/v2\/media?parent=4689"}],"wp:term":[{"taxonomy":"category","embeddable":true,"href":"https:\/\/www.mariaabrahamsson.nu\/index.php\/wp-json\/wp\/v2\/categories?post=4689"},{"taxonomy":"post_tag","embeddable":true,"href":"https:\/\/www.mariaabrahamsson.nu\/index.php\/wp-json\/wp\/v2\/tags?post=4689"}],"curies":[{"name":"wp","href":"https:\/\/api.w.org\/{rel}","templated":true}]}}