{"id":4674,"date":"2011-04-05T09:53:07","date_gmt":"2011-04-05T07:53:07","guid":{"rendered":"http:\/\/www.mariaabrahamsson.nu\/?p=4674"},"modified":"2011-04-05T21:59:51","modified_gmt":"2011-04-05T19:59:51","slug":"civilutskottet-snart-hur-ser-sossarna-ut","status":"publish","type":"post","link":"https:\/\/www.mariaabrahamsson.nu\/index.php\/2011\/04\/05\/civilutskottet-snart-hur-ser-sossarna-ut\/","title":{"rendered":"Civilutskottet snart, hur ser sossarna ut?"},"content":{"rendered":"<p><strong>Snabbar jag mig p\u00e5<\/strong> hinner jag f\u00e5 iv\u00e4g n\u00e5gra rader innan\u00a0f\u00f6rm\u00f6tet b\u00f6rjar med allianskompisarna i Civilutskottet. Jo, vi brukar tr\u00e4ffas innan utskottet sammantr\u00e4der klockan 11.oo.<\/p>\n<p>Undrar just hur socialdemokraterna kommer att se ut i ansiktet. Blir det Vernica Palm som <a href=\"http:\/\/www.svd.se\/nyheter\/inrikes\/juholt-formar-ett-nytt-lag_6063945.svd\">tar \u00f6ver <\/a>ordf\u00f6randeklubban efter Maryam Yazdanfar? I\u00a0eftermiddag vet vi.<\/p>\n<p><strong>Dessf\u00f6rinnan<\/strong> ska jag och partikompisen <a href=\"http:\/\/varmland.moderat.se\/riksdagen\/tag\/pia-hallstrom\/\">Pia Hallstr\u00f6m <\/a>hinna med att bes\u00f6ka <a href=\"http:\/\/www.stockholm.se\/prostitutionsenheten\">Prostitutionsenheten<\/a> h\u00e4r i Stockholm. Lagen om sexk\u00f6p\u00a0uppm\u00e4rksammas f\u00f6rresten i <a href=\"http:\/\/www.expressen.se\/debatt\/1.2389268\/ulrika-westerlund-och-emelie-mire-asell-sexkopslagens-osynliga-gisslan\">Expressen<\/a>.\u00a0 Fast d\u00e5 fr\u00e5n en vinkel som nog inte l\u00e4r uppskattas av alla.\u00a0\u00a0Det\u00a0\u00e4r ett gott sk\u00e4l att l\u00e4sa, noga.<\/p>\n","protected":false},"excerpt":{"rendered":"<p>Snabbar jag mig p\u00e5 hinner jag f\u00e5 iv\u00e4g n\u00e5gra rader innan\u00a0f\u00f6rm\u00f6tet b\u00f6rjar med allianskompisarna i Civilutskottet. Jo, vi brukar tr\u00e4ffas innan utskottet sammantr\u00e4der klockan 11.oo. Undrar just hur socialdemokraterna kommer att se ut i ansiktet. Blir det Vernica Palm som tar \u00f6ver ordf\u00f6randeklubban efter Maryam Yazdanfar? I\u00a0eftermiddag vet vi. Dessf\u00f6rinnan ska jag och partikompisen Pia&hellip;<\/p>\n<p class=\"more-link-p\"><a class=\"more-link\" href=\"https:\/\/www.mariaabrahamsson.nu\/index.php\/2011\/04\/05\/civilutskottet-snart-hur-ser-sossarna-ut\/\">Read more &rarr;<\/a><\/p>\n","protected":false},"author":2,"featured_media":0,"comment_status":"open","ping_status":"open","sticky":false,"template":"","format":"standard","meta":{"footnotes":""},"categories":[1],"tags":[],"class_list":["post-4674","post","type-post","status-publish","format-standard","hentry","category-uncategorized"],"_links":{"self":[{"href":"https:\/\/www.mariaabrahamsson.nu\/index.php\/wp-json\/wp\/v2\/posts\/4674","targetHints":{"allow":["GET"]}}],"collection":[{"href":"https:\/\/www.mariaabrahamsson.nu\/index.php\/wp-json\/wp\/v2\/posts"}],"about":[{"href":"https:\/\/www.mariaabrahamsson.nu\/index.php\/wp-json\/wp\/v2\/types\/post"}],"author":[{"embeddable":true,"href":"https:\/\/www.mariaabrahamsson.nu\/index.php\/wp-json\/wp\/v2\/users\/2"}],"replies":[{"embeddable":true,"href":"https:\/\/www.mariaabrahamsson.nu\/index.php\/wp-json\/wp\/v2\/comments?post=4674"}],"version-history":[{"count":0,"href":"https:\/\/www.mariaabrahamsson.nu\/index.php\/wp-json\/wp\/v2\/posts\/4674\/revisions"}],"wp:attachment":[{"href":"https:\/\/www.mariaabrahamsson.nu\/index.php\/wp-json\/wp\/v2\/media?parent=4674"}],"wp:term":[{"taxonomy":"category","embeddable":true,"href":"https:\/\/www.mariaabrahamsson.nu\/index.php\/wp-json\/wp\/v2\/categories?post=4674"},{"taxonomy":"post_tag","embeddable":true,"href":"https:\/\/www.mariaabrahamsson.nu\/index.php\/wp-json\/wp\/v2\/tags?post=4674"}],"curies":[{"name":"wp","href":"https:\/\/api.w.org\/{rel}","templated":true}]}}