{"id":4668,"date":"2011-04-04T23:00:13","date_gmt":"2011-04-04T21:00:13","guid":{"rendered":"http:\/\/www.mariaabrahamsson.nu\/?p=4668"},"modified":"2011-04-04T23:12:44","modified_gmt":"2011-04-04T21:12:44","slug":"spanningen-stiger-juholts-laggspel-ar-snart-klart","status":"publish","type":"post","link":"https:\/\/www.mariaabrahamsson.nu\/index.php\/2011\/04\/04\/spanningen-stiger-juholts-laggspel-ar-snart-klart\/","title":{"rendered":"Sp\u00e4nningen stiger, Juholts l\u00e4ggspel \u00e4r snart klart"},"content":{"rendered":"<p><strong>Vid lunchtid satt han<\/strong> d\u00e4r l\u00e4ngs med v\u00e4ggen i riksdagens kantin, i s\u00e4llskap med en ivrigt mobilpratande medarbetare.<\/p>\n<p>Vad\u00a0Socialdemokraternas nya partiledare och statsministerkandidat H\u00e5kan Juholt fick till lunch? Nej, skvaller om ov\u00e4sentligheter \u00e4gnar jag mig inte \u00e5t. Men sj\u00e4lv \u00e5t jag sallad med b\u00f6cklingr\u00f6ra, den slank ner utan prut.<\/p>\n<p><strong>I eftermiddagens <\/strong>Studio Ett distanserar sig Juholt <a href=\"http:\/\/sverigesradio.se\/sida\/play.aspx?ljud=3005935\">\u00e4nnu ett par sn\u00e4pp <\/a>fr\u00e5n sitt eget installationstal f\u00f6rra helgen. I dag \u00e4r han inte lika styv i korken n\u00e4r det g\u00e4ller avskaffandet av RUT-avdrag och billigare st\u00e4dtj\u00e4nster. Nej, eftersom n\u00e5gon f\u00f6rmodligen har viskat i hans \u00f6ra att tj\u00e4nsterna faktiskt uppskattas av allt fler.<\/p>\n<p>\u00c5terst\u00e5r att se om Juholts hastiga tillnyktring \u00e4r \u00e4rligt menad eller bara en eftergift f\u00f6r att f\u00e5 <a href=\"http:\/\/www.svd.se\/nyheter\/inrikes\/waidelich-ger-rut-en-chans_6062357.svd\">partikamraten Tommy Waidelich<\/a> att \u00e5ta sig den utmanande uppgiften som partiets ekonomiskpolitiska talesman.<\/p>\n<p>I morgon \u00e4r det tisdag och det betyder slutna gruppm\u00f6ten f\u00f6r samtliga riksdagspartier. Det \u00e4r ingen avancerad gissning att tv-kamerorna kommer att st\u00e5 riggade utanf\u00f6r andrakammarsalen, d\u00e4r S-gruppen h\u00e5ller till. Och nog f\u00f6r att man \u00e4r nyfiken p\u00e5 vilka nya namn som Juholt kommer att lansera som politiska talespersoner.<\/p>\n<p><strong>Sj\u00e4lv har jag \u00e4nda sedan<\/strong> valet saknat det stora oppositionspartiets justitieministerkandidat, givet att Thomas Bodstr\u00f6m verkligen \u00e4r <a href=\"http:\/\/www.bodstromsamhallet.se\/2011\/04\/vi-blir-nog-kvar-i-usa.html\">ute ur leken<\/a>. Jag \u00e4r i s\u00e5 fall den f\u00f6rsta att beklaga.<\/p>\n<p>Men i morgon vet vi, kanske. Mig skulle det inte f\u00f6rv\u00e5na om den fr\u00e5n justitieutskottet pappalediga S-ordf\u00f6randen Morgan Johansson h\u00e5ller sig konstant n\u00e5bar p\u00e5 mobilen.<\/p>\n","protected":false},"excerpt":{"rendered":"<p>Vid lunchtid satt han d\u00e4r l\u00e4ngs med v\u00e4ggen i riksdagens kantin, i s\u00e4llskap med en ivrigt mobilpratande medarbetare. Vad\u00a0Socialdemokraternas nya partiledare och statsministerkandidat H\u00e5kan Juholt fick till lunch? Nej, skvaller om ov\u00e4sentligheter \u00e4gnar jag mig inte \u00e5t. Men sj\u00e4lv \u00e5t jag sallad med b\u00f6cklingr\u00f6ra, den slank ner utan prut. I eftermiddagens Studio Ett distanserar sig&hellip;<\/p>\n<p class=\"more-link-p\"><a class=\"more-link\" href=\"https:\/\/www.mariaabrahamsson.nu\/index.php\/2011\/04\/04\/spanningen-stiger-juholts-laggspel-ar-snart-klart\/\">Read more &rarr;<\/a><\/p>\n","protected":false},"author":2,"featured_media":0,"comment_status":"open","ping_status":"open","sticky":false,"template":"","format":"standard","meta":{"footnotes":""},"categories":[1],"tags":[],"class_list":["post-4668","post","type-post","status-publish","format-standard","hentry","category-uncategorized"],"_links":{"self":[{"href":"https:\/\/www.mariaabrahamsson.nu\/index.php\/wp-json\/wp\/v2\/posts\/4668","targetHints":{"allow":["GET"]}}],"collection":[{"href":"https:\/\/www.mariaabrahamsson.nu\/index.php\/wp-json\/wp\/v2\/posts"}],"about":[{"href":"https:\/\/www.mariaabrahamsson.nu\/index.php\/wp-json\/wp\/v2\/types\/post"}],"author":[{"embeddable":true,"href":"https:\/\/www.mariaabrahamsson.nu\/index.php\/wp-json\/wp\/v2\/users\/2"}],"replies":[{"embeddable":true,"href":"https:\/\/www.mariaabrahamsson.nu\/index.php\/wp-json\/wp\/v2\/comments?post=4668"}],"version-history":[{"count":0,"href":"https:\/\/www.mariaabrahamsson.nu\/index.php\/wp-json\/wp\/v2\/posts\/4668\/revisions"}],"wp:attachment":[{"href":"https:\/\/www.mariaabrahamsson.nu\/index.php\/wp-json\/wp\/v2\/media?parent=4668"}],"wp:term":[{"taxonomy":"category","embeddable":true,"href":"https:\/\/www.mariaabrahamsson.nu\/index.php\/wp-json\/wp\/v2\/categories?post=4668"},{"taxonomy":"post_tag","embeddable":true,"href":"https:\/\/www.mariaabrahamsson.nu\/index.php\/wp-json\/wp\/v2\/tags?post=4668"}],"curies":[{"name":"wp","href":"https:\/\/api.w.org\/{rel}","templated":true}]}}