{"id":4436,"date":"2011-03-13T20:43:14","date_gmt":"2011-03-13T19:43:14","guid":{"rendered":"http:\/\/www.mariaabrahamsson.nu\/?p=4436"},"modified":"2011-03-13T20:51:08","modified_gmt":"2011-03-13T19:51:08","slug":"kvall-i-marrakech","status":"publish","type":"post","link":"https:\/\/www.mariaabrahamsson.nu\/index.php\/2011\/03\/13\/kvall-i-marrakech\/","title":{"rendered":"S\u00f6ndagskv\u00e4ll i Marrakech"},"content":{"rendered":"<p><strong>Sablar ocks\u00e5! <\/strong>H\u00e4r har man tagit \u00e5tskilliga tjusiga foton fr\u00e5n dagens exotiska utflykt till foten av Atlasbergen men \u00e5ter p\u00e5 hotellrummet med sv\u00e5r bloggabstinens \u00e4r det bara att konstatera: Tekniken \u00e4r inte p\u00e5 min sida.<\/p>\n<p><a href=\"http:\/\/www.mariaabrahamsson.nu\/wp-content\/uploads\/2011\/03\/morgonsim.jpeg\"><img loading=\"lazy\" decoding=\"async\" class=\"alignright size-medium wp-image-4437\" title=\"morgonsim\" src=\"http:\/\/www.mariaabrahamsson.nu\/wp-content\/uploads\/2011\/03\/morgonsim-300x225.jpg\" alt=\"\" width=\"300\" height=\"225\" srcset=\"https:\/\/www.mariaabrahamsson.nu\/wp-content\/uploads\/2011\/03\/morgonsim-300x225.jpg 300w, https:\/\/www.mariaabrahamsson.nu\/wp-content\/uploads\/2011\/03\/morgonsim.jpeg 640w\" sizes=\"auto, (max-width: 300px) 100vw, 300px\" \/><\/a><\/p>\n<p>Bild\u00f6verf\u00f6ringen funkade b\u00e4ttre i morse.\u00a0J\u00f6sses vad jag paddlade runt med armar och ben i den 28 grader varma poolen!<\/p>\n<p><strong>Varf\u00f6r jag \u00e4r<\/strong> i <a href=\"http:\/\/sv.wikipedia.org\/wiki\/Marrakech\">Marrakech<\/a>? Vi \u00e4r dryga hundratalet v\u00e4nner till <a href=\"http:\/\/www.artnet.se\/gallerier-2\/galleri-futura\/\">galleristen<\/a> och v\u00e4rldsmedborgaren <a href=\"http:\/\/sv-se.facebook.com\/eva.livijnolin\">Eva Livijn Olin <\/a>som \u00e4r h\u00e4r f\u00f6r att fira denna fantastiska kvinnas 60-\u00e5rsdag.<\/p>\n<p>I g\u00e5r kv\u00e4ll bj\u00f6d f\u00f6delsedagsbarnet p\u00e5 ett sagolikt party p\u00e5 en palatslik <a href=\"http:\/\/www.google.com\/imgres?imgurl=http:\/\/www.marrakech-holiday.com\/galleries\/riadazzar\/big\/riad-13.jpg&amp;imgrefurl=http:\/\/www.marrakech-holiday.com\/accommodation\/riad_azzar.html&amp;usg=__s2ib2-XqsOsJHX2-9TP83PyTEKw=&amp;h=394&amp;w=600&amp;sz=72&amp;hl=sv&amp;start=12&amp;zoom=1&amp;tbnid=0ZnDVezspYFaoM:&amp;tbnh=89&amp;tbnw=135&amp;ei=0B99TaGsINHrOeGv2NkG&amp;prev=\/images%3Fq%3Driad%26um%3D1%26hl%3Dsv%26client%3Dsafari%26sa%3DN%26rls%3Den%26biw%3D1201%26bih%3D510%26tbs%3Disch:1&amp;um=1&amp;itbs=1\">riad<\/a> (bilden har f\u00f6rvisso inget med g\u00e5rdagskv\u00e4llen att g\u00f6ra men ger en aning om atmosf\u00e4ren).<\/p>\n<p><strong>Just i denna stund <\/strong>ackompanjeras b\u00f6neutropen i denna mytomspunna stad av ett hejdundrande \u00e5skv\u00e4der. Haglen smattrar som pistolskott under m\u00f6rka moln som effektivt d\u00f6ljer g\u00e5rdagens vackra stj\u00e4rnhimmel.<\/p>\n<p>P\u00e5 tal om smattrar. Den marockanske kungen <a href=\"http:\/\/sv.wikipedia.org\/wiki\/Mohammed_VI_av_Marocko\">Mohammed VI<\/a> (han och jag \u00e4r lika gamla, f\u00f6rresten) ska i dag ha utlovat &#8221;breda politiska reformer&#8221;. Samtidigt rapporterar TT att ett dussintal demonstranter har skadats allvarligt n\u00e4r marockanska s\u00e4kerhetsstyrkor tidigare i dag stormade ett v\u00e4nsterinriktat partis lokaler i Casablanca.<\/p>\n<p><a href=\"http:\/\/www.mariaabrahamsson.nu\/wp-content\/uploads\/2011\/03\/skotavla.jpeg\"><img loading=\"lazy\" decoding=\"async\" class=\"alignleft size-medium wp-image-4438\" title=\"skotavla\" src=\"http:\/\/www.mariaabrahamsson.nu\/wp-content\/uploads\/2011\/03\/skotavla-225x300.jpg\" alt=\"\" width=\"225\" height=\"300\" srcset=\"https:\/\/www.mariaabrahamsson.nu\/wp-content\/uploads\/2011\/03\/skotavla-225x300.jpg 225w, https:\/\/www.mariaabrahamsson.nu\/wp-content\/uploads\/2011\/03\/skotavla.jpeg 480w\" sizes=\"auto, (max-width: 225px) 100vw, 225px\" \/><\/a><strong>En reporter p\u00e5 plats <\/strong>uppges ha bevittnat hur s\u00e4kerhetspolis har misshandlat en gravid kvinna och ett par unga flickor. Av oron i <a href=\"http:\/\/sv.wikipedia.org\/wiki\/Casablanca_(film)\">Casablanca<\/a>, n\u00e5gra tiotal mil h\u00e4rifr\u00e5n, m\u00e4rks dock inte ett sp\u00e5r p\u00e5 hotellomr\u00e5det d\u00e4r vi befinner oss.<\/p>\n<p>P\u00e5 en av hotellfoaj\u00e9ns v\u00e4ggar kan denna tavla besk\u00e5das. I detta land \u00e4r skor okej att avportr\u00e4ttera, d\u00e4remot inte m\u00e4nniskor. En inst\u00e4llning som jag inte begriper mig p\u00e5, men sj\u00e4lvklart f\u00e5r man ta seden dit man kommer.<\/p>\n<p>Betr\u00e4ffande skorna, som s\u00e4ljs en masse i stadens <a href=\"http:\/\/www.google.com\/images?client=safari&amp;rls=en&amp;q=medina+och+marrakech&amp;oe=UTF-8&amp;um=1&amp;ie=UTF-8&amp;source=og&amp;sa=N&amp;hl=sv&amp;tab=wi&amp;biw=1201&amp;bih=510\">Medina<\/a>, f\u00f6ljer jag nog guidebokens r\u00e5d att avst\u00e5 fr\u00e5n ink\u00f6p om man inte ser n\u00e5gon anv\u00e4ndning f\u00f6r de \u00e5tr\u00e5v\u00e4rda sakerna sedan man v\u00e4l kommit hem fr\u00e5n resan.<\/p>\n","protected":false},"excerpt":{"rendered":"<p>Sablar ocks\u00e5! H\u00e4r har man tagit \u00e5tskilliga tjusiga foton fr\u00e5n dagens exotiska utflykt till foten av Atlasbergen men \u00e5ter p\u00e5 hotellrummet med sv\u00e5r bloggabstinens \u00e4r det bara att konstatera: Tekniken \u00e4r inte p\u00e5 min sida. Bild\u00f6verf\u00f6ringen funkade b\u00e4ttre i morse.\u00a0J\u00f6sses vad jag paddlade runt med armar och ben i den 28 grader varma poolen! Varf\u00f6r&hellip;<\/p>\n<p class=\"more-link-p\"><a class=\"more-link\" href=\"https:\/\/www.mariaabrahamsson.nu\/index.php\/2011\/03\/13\/kvall-i-marrakech\/\">Read more &rarr;<\/a><\/p>\n","protected":false},"author":2,"featured_media":0,"comment_status":"open","ping_status":"open","sticky":false,"template":"","format":"standard","meta":{"footnotes":""},"categories":[1],"tags":[],"class_list":["post-4436","post","type-post","status-publish","format-standard","hentry","category-uncategorized"],"_links":{"self":[{"href":"https:\/\/www.mariaabrahamsson.nu\/index.php\/wp-json\/wp\/v2\/posts\/4436","targetHints":{"allow":["GET"]}}],"collection":[{"href":"https:\/\/www.mariaabrahamsson.nu\/index.php\/wp-json\/wp\/v2\/posts"}],"about":[{"href":"https:\/\/www.mariaabrahamsson.nu\/index.php\/wp-json\/wp\/v2\/types\/post"}],"author":[{"embeddable":true,"href":"https:\/\/www.mariaabrahamsson.nu\/index.php\/wp-json\/wp\/v2\/users\/2"}],"replies":[{"embeddable":true,"href":"https:\/\/www.mariaabrahamsson.nu\/index.php\/wp-json\/wp\/v2\/comments?post=4436"}],"version-history":[{"count":0,"href":"https:\/\/www.mariaabrahamsson.nu\/index.php\/wp-json\/wp\/v2\/posts\/4436\/revisions"}],"wp:attachment":[{"href":"https:\/\/www.mariaabrahamsson.nu\/index.php\/wp-json\/wp\/v2\/media?parent=4436"}],"wp:term":[{"taxonomy":"category","embeddable":true,"href":"https:\/\/www.mariaabrahamsson.nu\/index.php\/wp-json\/wp\/v2\/categories?post=4436"},{"taxonomy":"post_tag","embeddable":true,"href":"https:\/\/www.mariaabrahamsson.nu\/index.php\/wp-json\/wp\/v2\/tags?post=4436"}],"curies":[{"name":"wp","href":"https:\/\/api.w.org\/{rel}","templated":true}]}}