{"id":4408,"date":"2011-03-11T22:27:36","date_gmt":"2011-03-11T21:27:36","guid":{"rendered":"http:\/\/www.mariaabrahamsson.nu\/?p=4408"},"modified":"2011-03-11T22:43:59","modified_gmt":"2011-03-11T21:43:59","slug":"det-finns-mer-an-hakans-juholts-mustasch","status":"publish","type":"post","link":"https:\/\/www.mariaabrahamsson.nu\/index.php\/2011\/03\/11\/det-finns-mer-an-hakans-juholts-mustasch\/","title":{"rendered":"Bryr mig inte s\u00e5 mycket om H\u00e5kans Juholts mustasch"},"content":{"rendered":"<p><strong>Sv\u00e5rt att tro, <\/strong>men\u00a0v\u00e4rlden \u00e4r inte upptagen av att analysera t\u00e4theten i H\u00e5kan Juholts <a href=\"http:\/\/skaggbloggen.se\/2011\/03\/alla-pratar-om-juholts-mustasch\/comment-page-1\/\">mustasch.<\/a><\/p>\n<p><a href=\"http:\/\/www.mariaabrahamsson.nu\/wp-content\/uploads\/2011\/03\/psykologen.jpeg\"><img loading=\"lazy\" decoding=\"async\" class=\"alignleft size-medium wp-image-4409\" title=\"psykologen\" src=\"http:\/\/www.mariaabrahamsson.nu\/wp-content\/uploads\/2011\/03\/psykologen-300x225.jpg\" alt=\"\" width=\"300\" height=\"225\" srcset=\"https:\/\/www.mariaabrahamsson.nu\/wp-content\/uploads\/2011\/03\/psykologen-300x225.jpg 300w, https:\/\/www.mariaabrahamsson.nu\/wp-content\/uploads\/2011\/03\/psykologen.jpeg 640w\" sizes=\"auto, (max-width: 300px) 100vw, 300px\" \/><\/a>Till exempel inte den h\u00e4r killen p\u00e5 \u00d6rebro universitet som jag tr\u00e4ngde mig p\u00e5 tidigare i dag.\u00a0Allts\u00e5 inte k\u00e4ra partikompisen <a href=\"http:\/\/www.riksdagen.se\/webbnav\/index.aspx?nid=1111&amp;iid=0861447317415\">Thomas Finnberg <\/a>utan ynglingen i gr\u00f6nt, den studentuppsatsskrivande psykologstudenten Jonatan. Tillsammans med en studentkamrat raggar han m\u00e4n i \u00e5ldern 18-30 f\u00f6r att kunna genomf\u00f6ra ett experiment om hur unga m\u00e4n samverkar i grupp med fokus p\u00e5 deras upplevelser, beteenden och fysiologi (?).<\/p>\n<p>&#8211; Det l\u00e5ter sp\u00e4nnande, sa jag till Jonatan, och fr\u00e5gade f\u00f6rsynt om jag fick l\u00e4gga ut en bild p\u00e5 honom p\u00e5 min blogg.<\/p>\n<p>Det fick jag. BARA JAG VAR TYDLIG MED ATT HAN INTE \u00c4R MODERAT.<\/p>\n<p><strong>K\u00e4nns som vi<\/strong> moderater har en del att g\u00f6ra d\u00e4r ute i verkligheten p\u00e5 universiteten&#8230;<\/p>\n<p>Jo,<a href=\"http:\/\/www.aftonbladet.se\/nyheter\/article264466.ab\"> G\u00f6ran Persson <\/a>har s\u00e4kert j\u00e4ttekul \u00e5t att ett g\u00e4ng moderater i Civilutskottet vek hela f\u00f6rmiddagen \u00e5t &#8221;hans&#8221;universitet f\u00f6r att drillas i Barnkonventionen av <a href=\"http:\/\/www.oru.se\/jps\/eva_segerstrom\">Eva Segerstr\u00f6m <\/a>som inte direkt hymlade med att de k\u00e4nda icke-moderaterna\u00a0<a href=\"http:\/\/www.dn.se\/nyheter\/varlden\/henning-mankell-israel-bor-dras-infor-internationell-domstol\">Henning Mankell<\/a> och<a href=\"http:\/\/sv.wikipedia.org\/wiki\/Thomas_Hammarberg\"> Thomas Hammarberg<\/a> \u00e4r hennes idoler.<\/p>\n<p><strong>S\u00e5 ett stort tack <\/strong>till parti- och kommitt\u00e9kompisen <a href=\"http:\/\/antiavsan.blogspot.com\/\">Anti Avsan<\/a> som pedagogiskt p\u00e5pekade att ett inf\u00f6rlivande av barnkonventionen rakt av i svensk lagstiftning \u00e4r en problematisk sak.<\/p>\n<p>F\u00f6r \u00f6vrigt har nyss n\u00e4mnde Persson \u00e4nnu en anledning att fira d\u00e5 regeringen i dag utn\u00e4mnd hans fru, tillika f\u00f6re detta Systembolagsdirekt\u00f6ren <a href=\"http:\/\/sv.wikipedia.org\/wiki\/Anitra_Steen\">Anitra Steen <\/a>till ny vd f\u00f6r Svenska Spel.<\/p>\n<p><strong>Det blir&#8230;kanske<\/strong> <a href=\"http:\/\/www.sydsvenskan.se\/sverige\/article1201107\/Borg-vill-ha-rapport-fran-Winberg.html\">bra<\/a>?<\/p>\n<p>Jo, kanske, inte vet jag, men missa f\u00f6r allt i v\u00e4rlden inte den nyf\u00f6dda <a href=\"http:\/\/riksdagsradion.wordpress.com\/\">Riksdagsradion! <\/a><\/p>\n<p><a href=\"http:\/\/riksdagsradion.wordpress.com\/\"><\/a> Den \u00e4r h\u00f6rv\u00e4rd, \u00e4ven i fredagskv\u00e4llen.<\/p>\n","protected":false},"excerpt":{"rendered":"<p>Sv\u00e5rt att tro, men\u00a0v\u00e4rlden \u00e4r inte upptagen av att analysera t\u00e4theten i H\u00e5kan Juholts mustasch. Till exempel inte den h\u00e4r killen p\u00e5 \u00d6rebro universitet som jag tr\u00e4ngde mig p\u00e5 tidigare i dag.\u00a0Allts\u00e5 inte k\u00e4ra partikompisen Thomas Finnberg utan ynglingen i gr\u00f6nt, den studentuppsatsskrivande psykologstudenten Jonatan. Tillsammans med en studentkamrat raggar han m\u00e4n i \u00e5ldern 18-30&hellip;<\/p>\n<p class=\"more-link-p\"><a class=\"more-link\" href=\"https:\/\/www.mariaabrahamsson.nu\/index.php\/2011\/03\/11\/det-finns-mer-an-hakans-juholts-mustasch\/\">Read more &rarr;<\/a><\/p>\n","protected":false},"author":2,"featured_media":0,"comment_status":"open","ping_status":"open","sticky":false,"template":"","format":"standard","meta":{"footnotes":""},"categories":[1],"tags":[],"class_list":["post-4408","post","type-post","status-publish","format-standard","hentry","category-uncategorized"],"_links":{"self":[{"href":"https:\/\/www.mariaabrahamsson.nu\/index.php\/wp-json\/wp\/v2\/posts\/4408","targetHints":{"allow":["GET"]}}],"collection":[{"href":"https:\/\/www.mariaabrahamsson.nu\/index.php\/wp-json\/wp\/v2\/posts"}],"about":[{"href":"https:\/\/www.mariaabrahamsson.nu\/index.php\/wp-json\/wp\/v2\/types\/post"}],"author":[{"embeddable":true,"href":"https:\/\/www.mariaabrahamsson.nu\/index.php\/wp-json\/wp\/v2\/users\/2"}],"replies":[{"embeddable":true,"href":"https:\/\/www.mariaabrahamsson.nu\/index.php\/wp-json\/wp\/v2\/comments?post=4408"}],"version-history":[{"count":0,"href":"https:\/\/www.mariaabrahamsson.nu\/index.php\/wp-json\/wp\/v2\/posts\/4408\/revisions"}],"wp:attachment":[{"href":"https:\/\/www.mariaabrahamsson.nu\/index.php\/wp-json\/wp\/v2\/media?parent=4408"}],"wp:term":[{"taxonomy":"category","embeddable":true,"href":"https:\/\/www.mariaabrahamsson.nu\/index.php\/wp-json\/wp\/v2\/categories?post=4408"},{"taxonomy":"post_tag","embeddable":true,"href":"https:\/\/www.mariaabrahamsson.nu\/index.php\/wp-json\/wp\/v2\/tags?post=4408"}],"curies":[{"name":"wp","href":"https:\/\/api.w.org\/{rel}","templated":true}]}}