{"id":4394,"date":"2011-03-10T16:38:30","date_gmt":"2011-03-10T15:38:30","guid":{"rendered":"http:\/\/www.mariaabrahamsson.nu\/?p=4394"},"modified":"2011-03-10T16:38:35","modified_gmt":"2011-03-10T15:38:35","slug":"civilkommitten-pa-turne-till-orebro","status":"publish","type":"post","link":"https:\/\/www.mariaabrahamsson.nu\/index.php\/2011\/03\/10\/civilkommitten-pa-turne-till-orebro\/","title":{"rendered":"Civilkommitt\u00e9n p\u00e5 turn\u00e9 till \u00d6rebro"},"content":{"rendered":"<p><strong>S\u00e5 var dagens voteringar<\/strong> avklarade.\u00a0Tur var det, f\u00f6r klockan 17.06 g\u00e5r t\u00e5get mot \u00d6rebro d\u00e4r vi i den moderata <a href=\"http:\/\/moderatacivilkommitten.wordpress.com\/\">Civilkommitt\u00e9n<\/a> ska avl\u00e4gga bes\u00f6k\u00a0i verkligheten.\u00a0<\/p>\n<p>\u00a0I kv\u00e4ll blir det mest samkv\u00e4m med partikamraterna,\u00a0p\u00e5 progammet i morgon st\u00e5r\u00a0bland annat <a href=\"http:\/\/www.sn\u00f6kristallen.se\/vision.html\">Barnakademin<\/a>.<\/p>\n<p><strong>Hinner inte mer<\/strong> nu, men v\u00e4l ombord p\u00e5 t\u00e5get utlovas\u00a0tv\u00e5 andra hyperaktuella blogginl\u00e4gg. Och d\u00e5\u00a0t\u00e4nker jag inte ens p\u00e5 att Socialdemokraterna\u00a0i dag tycks ha landat f\u00f6r vem som ska bli n\u00e4sta <a href=\"http:\/\/sverigesradio.se\/sida\/artikel.aspx?programid=83&amp;artikel=4394761\">G\u00f6ran\u00a0Persson<\/a>.\u00a0Men visst,\u00a0det\u00a0f\u00f6rtj\u00e4nar ocks\u00e5 en kommentar. \u00a0<\/p>\n<p>H\u00f6rs snart!<\/p>\n","protected":false},"excerpt":{"rendered":"<p>S\u00e5 var dagens voteringar avklarade.\u00a0Tur var det, f\u00f6r klockan 17.06 g\u00e5r t\u00e5get mot \u00d6rebro d\u00e4r vi i den moderata Civilkommitt\u00e9n ska avl\u00e4gga bes\u00f6k\u00a0i verkligheten.\u00a0 \u00a0I kv\u00e4ll blir det mest samkv\u00e4m med partikamraterna,\u00a0p\u00e5 progammet i morgon st\u00e5r\u00a0bland annat Barnakademin. Hinner inte mer nu, men v\u00e4l ombord p\u00e5 t\u00e5get utlovas\u00a0tv\u00e5 andra hyperaktuella blogginl\u00e4gg. Och d\u00e5\u00a0t\u00e4nker jag inte&hellip;<\/p>\n<p class=\"more-link-p\"><a class=\"more-link\" href=\"https:\/\/www.mariaabrahamsson.nu\/index.php\/2011\/03\/10\/civilkommitten-pa-turne-till-orebro\/\">Read more &rarr;<\/a><\/p>\n","protected":false},"author":2,"featured_media":0,"comment_status":"open","ping_status":"open","sticky":false,"template":"","format":"standard","meta":{"footnotes":""},"categories":[1],"tags":[],"class_list":["post-4394","post","type-post","status-publish","format-standard","hentry","category-uncategorized"],"_links":{"self":[{"href":"https:\/\/www.mariaabrahamsson.nu\/index.php\/wp-json\/wp\/v2\/posts\/4394","targetHints":{"allow":["GET"]}}],"collection":[{"href":"https:\/\/www.mariaabrahamsson.nu\/index.php\/wp-json\/wp\/v2\/posts"}],"about":[{"href":"https:\/\/www.mariaabrahamsson.nu\/index.php\/wp-json\/wp\/v2\/types\/post"}],"author":[{"embeddable":true,"href":"https:\/\/www.mariaabrahamsson.nu\/index.php\/wp-json\/wp\/v2\/users\/2"}],"replies":[{"embeddable":true,"href":"https:\/\/www.mariaabrahamsson.nu\/index.php\/wp-json\/wp\/v2\/comments?post=4394"}],"version-history":[{"count":0,"href":"https:\/\/www.mariaabrahamsson.nu\/index.php\/wp-json\/wp\/v2\/posts\/4394\/revisions"}],"wp:attachment":[{"href":"https:\/\/www.mariaabrahamsson.nu\/index.php\/wp-json\/wp\/v2\/media?parent=4394"}],"wp:term":[{"taxonomy":"category","embeddable":true,"href":"https:\/\/www.mariaabrahamsson.nu\/index.php\/wp-json\/wp\/v2\/categories?post=4394"},{"taxonomy":"post_tag","embeddable":true,"href":"https:\/\/www.mariaabrahamsson.nu\/index.php\/wp-json\/wp\/v2\/tags?post=4394"}],"curies":[{"name":"wp","href":"https:\/\/api.w.org\/{rel}","templated":true}]}}