{"id":4377,"date":"2011-03-08T23:47:45","date_gmt":"2011-03-08T22:47:45","guid":{"rendered":"http:\/\/www.mariaabrahamsson.nu\/?p=4377"},"modified":"2011-03-09T00:22:04","modified_gmt":"2011-03-08T23:22:04","slug":"kvallen-avslutades-hos-moderatkompisarna-i-tyreso","status":"publish","type":"post","link":"https:\/\/www.mariaabrahamsson.nu\/index.php\/2011\/03\/08\/kvallen-avslutades-hos-moderatkompisarna-i-tyreso\/","title":{"rendered":"Kv\u00e4llen avslutades hos moderatkompisarna i Tyres\u00f6"},"content":{"rendered":"<p><a href=\"http:\/\/www.mariaabrahamsson.nu\/wp-content\/uploads\/2011\/03\/sn\u00f6ras.jpeg\"><img loading=\"lazy\" decoding=\"async\" class=\"alignleft size-medium wp-image-4378\" title=\"sn\u00f6ras\" src=\"http:\/\/www.mariaabrahamsson.nu\/wp-content\/uploads\/2011\/03\/sn\u00f6ras-300x225.jpg\" alt=\"\" width=\"300\" height=\"225\" srcset=\"https:\/\/www.mariaabrahamsson.nu\/wp-content\/uploads\/2011\/03\/sn\u00f6ras-300x225.jpg 300w, https:\/\/www.mariaabrahamsson.nu\/wp-content\/uploads\/2011\/03\/sn\u00f6ras.jpeg 640w\" sizes=\"auto, (max-width: 300px) 100vw, 300px\" \/><\/a><strong>Dagsmejan har tagit<\/strong> fart p\u00e5 allvar. Det v\u00e5ldsamma sn\u00f6raset fr\u00e5n stugans tak g\u00e5r som synes inte av f\u00f6r hackor.\u00a0Tur att man inte befann sig i farozonen.<\/p>\n<p>I st\u00e4llet tillbringade jag st\u00f6rre delen av dagen i riksdagens f\u00f6rstakammarsal tillsammans Civilutskottet, Trafikutskottet och Milj\u00f6- och Jordbruksutskottet.<\/p>\n<p><strong>Dagens tema<\/strong> l\u00f6d:\u00a0<a href=\"http:\/\/www.riksdagen.se\/webbnav\/index.aspx?nid=5160&amp;utskutfrID=1041&amp;utskutfrrm=201011\">H\u00e5llbara st\u00e4der &#8211; med fokus p\u00e5 transporter, boende och gr\u00f6nomr\u00e5den.<\/a><\/p>\n<p>Det medges, \u00e4mnet k\u00e4ndes inte helt sj\u00e4lvklart f\u00f6r mig. Inte f\u00f6r att jag skulle vara ointresserad av hur st\u00e4der g\u00f6rs mer &#8221;h\u00e5llbara&#8221; (l\u00e4s ekologiska). Sanningen \u00e4r snarare att jag hittills inte har \u00e4gnat saken en tanke.<\/p>\n<p><strong>Tacksamt <\/strong>kramade jag d\u00e4rf\u00f6r ut mesta m\u00f6jliga av dagens h\u00e5rddrillning i energieffektiva hus, m\u00e5ngfaldsuppr\u00e4tth\u00e5llande gr\u00f6nomr\u00e5den och klimatv\u00e4nliga transporter (l\u00e4s framf\u00f6r allt vanlig pedalcykel).<\/p>\n<p>Men fundersam blev jag av milj\u00f6direkt\u00f6r <a href=\"http:\/\/www.mynewsdesk.com\/se\/pressroom\/malmo\/pressrelease\/view\/katarina-pelin-blir-ny-miljoedirektoer-i-malmoe-stad-fraan-1-januari-2008-det-beslutade-kommunstyrelsen-idag-171391\">Katarina Pelin<\/a>. Hon basar \u00f6ver stadsplaneringen i Malm\u00f6 och menade att vi alla skulle fr\u00e5ga oss hur det kom sig att boende i miljonprogramomr\u00e5det <a href=\"http:\/\/www.google.com\/images?client=safari&amp;rls=en&amp;q=roseng\u00e5rd&amp;oe=UTF-8&amp;um=1&amp;ie=UTF-8&amp;source=univ&amp;sa=X&amp;ei=S6J2TdmWB4GDOpCntMwG&amp;ved=0CDgQsAQ&amp;biw=1201&amp;bih=510\">Roseng\u00e5rd<\/a> agerar s\u00e5 \u00f6verl\u00e4gset mer milj\u00f6smart n\u00e4r det g\u00e4ller att \u00e5ka kollektivtrafik och konsumera mindre. Pelin uppmande oss politiker att verkligen fundera p\u00e5 den saken.\u00a0Som om n\u00e5gon politiker skulle komma p\u00e5 tanken att propagera f\u00f6r fattigdom, d\u00e4rf\u00f6r att det \u00e4r bra f\u00f6r milj\u00f6n&#8230;<\/p>\n<p><a href=\"http:\/\/www.mariaabrahamsson.nu\/wp-content\/uploads\/2011\/03\/Tyres\u00f6.jpeg\"><img loading=\"lazy\" decoding=\"async\" class=\"alignright size-medium wp-image-4379\" title=\"Tyres\u00f6\" src=\"http:\/\/www.mariaabrahamsson.nu\/wp-content\/uploads\/2011\/03\/Tyres\u00f6-300x225.jpg\" alt=\"\" width=\"300\" height=\"225\" srcset=\"https:\/\/www.mariaabrahamsson.nu\/wp-content\/uploads\/2011\/03\/Tyres\u00f6-300x225.jpg 300w, https:\/\/www.mariaabrahamsson.nu\/wp-content\/uploads\/2011\/03\/Tyres\u00f6.jpeg 640w\" sizes=\"auto, (max-width: 300px) 100vw, 300px\" \/><\/a><strong>Kv\u00e4llen avslutades hos <\/strong>moderatkompisarna i <a href=\"http:\/\/moderaterna.net\/tag\/fredrik-sawestahl\/\">Tyres\u00f6<\/a>. Trevligt! D\u00e5 t\u00e4nker jag inte bara p\u00e5 att partiet fick 41,2 procent av r\u00f6sterna i h\u00f6stens kommunval, eller att man har lagt ribban \u00e4nnu h\u00f6gre till valet 2014. L\u00e4ttr\u00f6rd som jag \u00e4r blir jag helt enkelt s\u00e5 varm i hj\u00e4rtat av att se s\u00e5 m\u00e5nga m\u00e4nniskor (uppskattningsvis 40-50 personer) som trots att de har fullt upp med annat \u00e4nd\u00e5 avs\u00e4tter timmar en tisdagskv\u00e4ll f\u00f6r att h\u00e5lla \u00e5rsm\u00f6te, fastst\u00e4lla r\u00f6stl\u00e4ngder, besluta om ansvarsfrihet f\u00f6r styrelsen, fastst\u00e4lla medlemsavgift, v\u00e4lja ombud till f\u00f6rbundsst\u00e4mman och v\u00e4lja revisor (omval, om jag inte minns fel)\u00a0med mera.<\/p>\n<p>Det var inte utan att jag lade manken till f\u00f6r att mitt \u00e5rsm\u00f6testal skulle bli bra s\u00e5 bra som m\u00f6jligt.\u00a0Och det blev nog inte s\u00e5 tokigt heller.<\/p>\n<p><strong>Vad jag sa<\/strong><strong>?<\/strong><\/p>\n<p>Gl\u00f6m det, jag lever som min\u00a0<a href=\"http:\/\/www.moderat.se\/web\/Kinberg_Batra_Anna.aspx\">gruppledare <\/a>i riksdagen l\u00e4r. D\u00e5 g\u00e4ller att vad som s\u00e4gs inom vissa v\u00e4ggar och p\u00e5 partiinterna m\u00f6ten stannar d\u00e4r! Men en \u00f6versiktsbild fr\u00e5n \u00e5rsm\u00f6tet hos Tyres\u00f6kamraterna bjuder jag g\u00e4rna p\u00e5. Se ovan.<\/p>\n","protected":false},"excerpt":{"rendered":"<p>Dagsmejan har tagit fart p\u00e5 allvar. Det v\u00e5ldsamma sn\u00f6raset fr\u00e5n stugans tak g\u00e5r som synes inte av f\u00f6r hackor.\u00a0Tur att man inte befann sig i farozonen. I st\u00e4llet tillbringade jag st\u00f6rre delen av dagen i riksdagens f\u00f6rstakammarsal tillsammans Civilutskottet, Trafikutskottet och Milj\u00f6- och Jordbruksutskottet. Dagens tema l\u00f6d:\u00a0H\u00e5llbara st\u00e4der &#8211; med fokus p\u00e5 transporter, boende och&hellip;<\/p>\n<p class=\"more-link-p\"><a class=\"more-link\" href=\"https:\/\/www.mariaabrahamsson.nu\/index.php\/2011\/03\/08\/kvallen-avslutades-hos-moderatkompisarna-i-tyreso\/\">Read more &rarr;<\/a><\/p>\n","protected":false},"author":2,"featured_media":0,"comment_status":"open","ping_status":"open","sticky":false,"template":"","format":"standard","meta":{"footnotes":""},"categories":[1],"tags":[],"class_list":["post-4377","post","type-post","status-publish","format-standard","hentry","category-uncategorized"],"_links":{"self":[{"href":"https:\/\/www.mariaabrahamsson.nu\/index.php\/wp-json\/wp\/v2\/posts\/4377","targetHints":{"allow":["GET"]}}],"collection":[{"href":"https:\/\/www.mariaabrahamsson.nu\/index.php\/wp-json\/wp\/v2\/posts"}],"about":[{"href":"https:\/\/www.mariaabrahamsson.nu\/index.php\/wp-json\/wp\/v2\/types\/post"}],"author":[{"embeddable":true,"href":"https:\/\/www.mariaabrahamsson.nu\/index.php\/wp-json\/wp\/v2\/users\/2"}],"replies":[{"embeddable":true,"href":"https:\/\/www.mariaabrahamsson.nu\/index.php\/wp-json\/wp\/v2\/comments?post=4377"}],"version-history":[{"count":0,"href":"https:\/\/www.mariaabrahamsson.nu\/index.php\/wp-json\/wp\/v2\/posts\/4377\/revisions"}],"wp:attachment":[{"href":"https:\/\/www.mariaabrahamsson.nu\/index.php\/wp-json\/wp\/v2\/media?parent=4377"}],"wp:term":[{"taxonomy":"category","embeddable":true,"href":"https:\/\/www.mariaabrahamsson.nu\/index.php\/wp-json\/wp\/v2\/categories?post=4377"},{"taxonomy":"post_tag","embeddable":true,"href":"https:\/\/www.mariaabrahamsson.nu\/index.php\/wp-json\/wp\/v2\/tags?post=4377"}],"curies":[{"name":"wp","href":"https:\/\/api.w.org\/{rel}","templated":true}]}}