{"id":4365,"date":"2011-03-06T22:57:35","date_gmt":"2011-03-06T21:57:35","guid":{"rendered":"http:\/\/www.mariaabrahamsson.nu\/?p=4365"},"modified":"2011-03-06T23:08:44","modified_gmt":"2011-03-06T22:08:44","slug":"baylans-avgang-gjorde-kanske-inte-denna-sondag","status":"publish","type":"post","link":"https:\/\/www.mariaabrahamsson.nu\/index.php\/2011\/03\/06\/baylans-avgang-gjorde-kanske-inte-denna-sondag\/","title":{"rendered":"Baylans avg\u00e5ng gjorde kanske inte denna s\u00f6ndag&#8230;"},"content":{"rendered":"<p><strong>&#8211; S\u00e5 ska det h\u00e4r fattiga fettot <\/strong>g\u00e5 ut och ta en liten r\u00f6k &#8211; \u00a0d\u00e4r satt \u00e4nnu en oslagbar replik i\u00a0<a href=\"http:\/\/www.tv4play.se\/film_och_serier\/solsidan?title=anna_skaller_ut_mammagruppen&amp;videoid=1291208\">Solsidan!<\/a><\/p>\n<p>Det har varit en uth\u00e4rdlig s\u00f6ndag. Vaknade tidigt efter att imponerande f\u00f6rnuftigt i g\u00e5r eftermiddag ha avbokat min n\u00e4rvaro vid gamle v\u00e4nnen och tidigare statssekreteraren <a href=\"http:\/\/sv-se.facebook.com\/johan.tiedemann\">Johan Tiedemanns<\/a> 45-\u00e5rsparty. Efter hans kalas brukar jag stupa i bingen f\u00f6rst p\u00e5 morgonkvisten. Men det slapp jag allts\u00e5 g\u00f6ra i morse!<\/p>\n<p><strong>Vaknade d\u00e4rf\u00f6r tidigt <\/strong>och fortsatta fila p\u00e5 vad jag n\u00e5gra timmar senare skulle avhandla som avslutning p\u00e5 20:e upplagan av partiets topputbildning f\u00f6r kvinnor,\u00a0<a href=\"http:\/\/www.moderat.se\/web\/Aktion_MKF_2.aspx\">Aktion MKF<\/a>.<\/p>\n<p><a href=\"http:\/\/www.mariaabrahamsson.nu\/wp-content\/uploads\/2011\/03\/aktionmkf1103061.jpeg\"><img loading=\"lazy\" decoding=\"async\" class=\"alignright size-medium wp-image-4367\" title=\"aktionmkf110306\" src=\"http:\/\/www.mariaabrahamsson.nu\/wp-content\/uploads\/2011\/03\/aktionmkf1103061-300x225.jpg\" alt=\"\" width=\"300\" height=\"225\" srcset=\"https:\/\/www.mariaabrahamsson.nu\/wp-content\/uploads\/2011\/03\/aktionmkf1103061-300x225.jpg 300w, https:\/\/www.mariaabrahamsson.nu\/wp-content\/uploads\/2011\/03\/aktionmkf1103061.jpeg 640w\" sizes=\"auto, (max-width: 300px) 100vw, 300px\" \/><\/a>Under k\u00e4ra v\u00e4nnen <a href=\"http:\/\/www.google.com\/imgres?imgurl=http:\/\/cms.droopi.se\/upload\/user\/cf0w6s31hz2jne5mt1eo2c4eq5bgq24r8k\/file\/7i2gtx58o2xs0shwrt2mpx7zi372lfi5gup\/Yvonne%2520Svengard.jpg&amp;imgrefurl=http:\/\/www.moderatkvinnorna.se\/%3Fx%3Dkontakt&amp;usg=__AnJNNzgzIeNuqfTJg7_ZbOb_D6s=&amp;h=1502&amp;w=1001&amp;sz=553&amp;hl=sv&amp;start=0&amp;zoom=1&amp;tbnid=PTw26AAYDHEGvM:&amp;tbnh=141&amp;tbnw=94&amp;ei=w_hzTbKHJdDJsganpJ2IDg&amp;prev=\/images%3Fq%3Dyvonne%2Bsvengards%26um%3D1%26hl%3Dsv%26client%3Dsafari%26sa%3DN%26rls%3Den%26biw%3D1201%26bih%3D510%26tbs%3Disch:1&amp;um=1&amp;itbs=1&amp;iact=hc&amp;vpx=302&amp;vpy=144&amp;dur=466&amp;hovh=275&amp;hovw=183&amp;tx=87&amp;ty=133&amp;oei=w_hzTbKHJdDJsganpJ2IDg&amp;page=1&amp;ndsp=14&amp;ved=1t:429,r:1,s:0\">Yvonne Svengards<\/a> ledning var de samlade p\u00e5 Gamla Stans <a href=\"http:\/\/www.thecollectorshotels.se\/victory\/\">Hotell Victory<\/a>.<\/p>\n<p><strong>Sedan i fredags <\/strong>har g\u00e4nget drillats i \u00a0moderat politik. Jag hade \u00e4ran att efter landets\u00a0<a href=\"http:\/\/www.sweden.gov.se\/sb\/d\/7437\">bist\u00e5ndsminister Gunilla Carlssons<\/a> dragning i f\u00f6rmiddags, ro denna etapp av kursen i m\u00e5l.<\/p>\n<p>Och vad hade jag<strong> <\/strong>att s\u00e4ga? Jo, jag ber\u00e4ttade om min tid s\u00e5 h\u00e4r l\u00e5ngt som riksdagsledamot, inbegripet den i det stora hela \u00f6verv\u00e4ldigade positiva upplevelsen att ing\u00e5 som en del i en kollektiv grupp best\u00e5ende av 107 rekordm\u00e5nga moderata riksdagsledam\u00f6ter.<\/p>\n<p><strong>Jag ventilerade min<\/strong> vana trogen r\u00e4tt \u00f6ppenhj\u00e4rtigt hur jag <a href=\"http:\/\/www.moderat.se\/web\/Maria_Abrahamsson_foretradare.aspx\">upplever <\/a>min placeringen i det nog s\u00e5 viktiga Civilutskottet. Jag hymlade inte med att mina kontakter med partiets pressavdelning stundom \u00e4r frostiga, jag dementerade kraftfullt eventuella rykten om att jag skulle vara f\u00f6rem\u00e5l f\u00f6r nedmalning av partiapparaten, jag f\u00f6rd\u00f6mde Stockholms biskop Eva Brunnes<a href=\"http:\/\/www.expressen.se\/nyheter\/val2010\/1.2162309\/las-biskop-eva-brunnes-predikan-ord-for-ord\"> v\u00e4nsterpolitiska markering<\/a> i samband med riksdagens h\u00f6gtidliga \u00f6ppnande och yes, jag hade en och annan synpunkt p\u00e5 landets justitieministern. S\u00e5 l\u00e5ngt Moderaterna.<\/p>\n<p><strong>I den inhemska storpolitiken<\/strong> har socialdemokraternas partisekreterare Ibrahim Baylan i dag meddelat omv\u00e4rlden att han <a href=\"http:\/\/sverigesradio.se\/sida\/artikel.aspx?programid=83&amp;artikel=4386139\">kastar in handduken <\/a>med motiveringen att han har\u00a0<a href=\"http:\/\/svt.se\/2.22620\/1.2349286\/baylan_avgar_som_partisekreterare\">&#8221;uppfyllt sina m\u00e5l&#8221;<\/a>.<\/p>\n<p>Sk\u00e4rp dig Baylan, du har s\u00e4kert gjort s\u00e5 gott du har kunnat, men f\u00f6rs\u00f6k inte inbilla n\u00e5gon att du har varit en <a href=\"http:\/\/www.aftonbladet.se\/nyheter\/valet2010\/article7812565.ab\">framg\u00e5ngsrik<\/a> partisekreterare.<\/p>\n<p><a href=\"http:\/\/www.aftonbladet.se\/nyheter\/valet2010\/article7812565.ab\"><\/a><strong>F\u00f6r \u00f6vrigt kan ni <\/strong>inom kort h\u00f6ra mig g\u00f6ra radio tillsammans med min riksdagskollega G\u00f6ran Pettersson, l\u00e4s mer <a href=\"http:\/\/dinledamot.blogspot.com\/2011\/03\/den-politiska-talradion-utvecklas.html\">h\u00e4r!<\/a><\/p>\n<p>Vi ses, och h\u00f6rs!<\/p>\n","protected":false},"excerpt":{"rendered":"<p>&#8211; S\u00e5 ska det h\u00e4r fattiga fettot g\u00e5 ut och ta en liten r\u00f6k &#8211; \u00a0d\u00e4r satt \u00e4nnu en oslagbar replik i\u00a0Solsidan! Det har varit en uth\u00e4rdlig s\u00f6ndag. Vaknade tidigt efter att imponerande f\u00f6rnuftigt i g\u00e5r eftermiddag ha avbokat min n\u00e4rvaro vid gamle v\u00e4nnen och tidigare statssekreteraren Johan Tiedemanns 45-\u00e5rsparty. Efter hans kalas brukar jag&hellip;<\/p>\n<p class=\"more-link-p\"><a class=\"more-link\" href=\"https:\/\/www.mariaabrahamsson.nu\/index.php\/2011\/03\/06\/baylans-avgang-gjorde-kanske-inte-denna-sondag\/\">Read more &rarr;<\/a><\/p>\n","protected":false},"author":2,"featured_media":0,"comment_status":"open","ping_status":"open","sticky":false,"template":"","format":"standard","meta":{"footnotes":""},"categories":[1],"tags":[],"class_list":["post-4365","post","type-post","status-publish","format-standard","hentry","category-uncategorized"],"_links":{"self":[{"href":"https:\/\/www.mariaabrahamsson.nu\/index.php\/wp-json\/wp\/v2\/posts\/4365","targetHints":{"allow":["GET"]}}],"collection":[{"href":"https:\/\/www.mariaabrahamsson.nu\/index.php\/wp-json\/wp\/v2\/posts"}],"about":[{"href":"https:\/\/www.mariaabrahamsson.nu\/index.php\/wp-json\/wp\/v2\/types\/post"}],"author":[{"embeddable":true,"href":"https:\/\/www.mariaabrahamsson.nu\/index.php\/wp-json\/wp\/v2\/users\/2"}],"replies":[{"embeddable":true,"href":"https:\/\/www.mariaabrahamsson.nu\/index.php\/wp-json\/wp\/v2\/comments?post=4365"}],"version-history":[{"count":0,"href":"https:\/\/www.mariaabrahamsson.nu\/index.php\/wp-json\/wp\/v2\/posts\/4365\/revisions"}],"wp:attachment":[{"href":"https:\/\/www.mariaabrahamsson.nu\/index.php\/wp-json\/wp\/v2\/media?parent=4365"}],"wp:term":[{"taxonomy":"category","embeddable":true,"href":"https:\/\/www.mariaabrahamsson.nu\/index.php\/wp-json\/wp\/v2\/categories?post=4365"},{"taxonomy":"post_tag","embeddable":true,"href":"https:\/\/www.mariaabrahamsson.nu\/index.php\/wp-json\/wp\/v2\/tags?post=4365"}],"curies":[{"name":"wp","href":"https:\/\/api.w.org\/{rel}","templated":true}]}}