{"id":4318,"date":"2011-02-27T19:50:56","date_gmt":"2011-02-27T18:50:56","guid":{"rendered":"http:\/\/www.mariaabrahamsson.nu\/?p=4318"},"modified":"2011-02-27T19:53:15","modified_gmt":"2011-02-27T18:53:15","slug":"eva-lundgren-lamnar-en-grop-efter-sig","status":"publish","type":"post","link":"https:\/\/www.mariaabrahamsson.nu\/index.php\/2011\/02\/27\/eva-lundgren-lamnar-en-grop-efter-sig\/","title":{"rendered":"Eva Lundgren l\u00e4mnar en grop efter sig"},"content":{"rendered":"<p><strong>Professor Eva Lundgren<\/strong>, en av den nordiska genusforskningens <a href=\"http:\/\/www.samgenus.uu.se\/eva.html\">fr\u00e4msta frontfigurer<\/a> l\u00e5ter meddela att hon\u00a0<a href=\"http:\/\/www.ergo.nu\/nyheter\/20110226-eva-lundgren-slutar\">s\u00e4ger upp sig<\/a> fr\u00e5n tj\u00e4nsten vid Uppsala universitet. Lundgren tycker inte att man har l\u00e5tit henne f\u00e5 komma till sin r\u00e4tt, hennes kunskaper har inte tagits tillvara.<\/p>\n<p>Med tanke p\u00e5 min relation till Lundgren hade jag kunnat s\u00e4ga mycket elakt om det intr\u00e4ffade. Men jag avst\u00e5r.<\/p>\n<p><strong>I h\u00f6stas n\u00e4r jag<\/strong> och Eva Lundgren st\u00f6tte ihop en l\u00f6rdag p\u00e5 G\u00f6tgatan gratulerade hon mig till min riksdagsplats. Ja, trots alla mina h\u00e5rd ord mot henne i spalterna (bland annat \u00a0<a href=\"http:\/\/www.svd.se\/opinion\/ledarsidan\/men-pa-oronmarkta-stolligheter-ar-det-slut_2051085.svd\">h\u00e4r<\/a>,\u00a0<a href=\"http:\/\/www.svd.se\/opinion\/ledarsidan\/genuspengar-har-lockat-till-brott-och-stolligheter_214231.svd\">h\u00e4r<\/a>,\u00a0<a href=\"http:\/\/www.svd.se\/opinion\/ledarsidan\/feminismen-dog-bara-nastan_492747.svd\">h\u00e4r <\/a>och\u00a0<a href=\"http:\/\/www.svd.se\/search.do?q=eva+lundgren+och+maria+abrahamsson&amp;submit=S\u00f6k\">h\u00e4r<\/a>).<\/p>\n<p>Jag blev sm\u00e5tt r\u00f6rd, det erk\u00e4nner jag g\u00e4rna. Inte f\u00f6r att jag ett \u00f6gonblick inbillade mig att Eva Lundgren genom \u00e5ren har tagit till sig av min kritik. Snarare var hon\u00a0nog mest l\u00e4ttad \u00f6ver att slippa ha mig gl\u00e4fsande i hasorna.<\/p>\n<p><strong>Men s\u00e5 l\u00e4nge <\/strong>en meningsmotst\u00e5ndare visar sig ha f\u00f6rm\u00e5ga att skilja p\u00e5 sak och person, s\u00e5 l\u00e4nge finns det hopp om m\u00e4nskligheten. Det g\u00e4ller \u00e4ven mig.<\/p>\n","protected":false},"excerpt":{"rendered":"<p>Professor Eva Lundgren, en av den nordiska genusforskningens fr\u00e4msta frontfigurer l\u00e5ter meddela att hon\u00a0s\u00e4ger upp sig fr\u00e5n tj\u00e4nsten vid Uppsala universitet. Lundgren tycker inte att man har l\u00e5tit henne f\u00e5 komma till sin r\u00e4tt, hennes kunskaper har inte tagits tillvara. Med tanke p\u00e5 min relation till Lundgren hade jag kunnat s\u00e4ga mycket elakt om det&hellip;<\/p>\n<p class=\"more-link-p\"><a class=\"more-link\" href=\"https:\/\/www.mariaabrahamsson.nu\/index.php\/2011\/02\/27\/eva-lundgren-lamnar-en-grop-efter-sig\/\">Read more &rarr;<\/a><\/p>\n","protected":false},"author":2,"featured_media":0,"comment_status":"open","ping_status":"open","sticky":false,"template":"","format":"standard","meta":{"footnotes":""},"categories":[1],"tags":[],"class_list":["post-4318","post","type-post","status-publish","format-standard","hentry","category-uncategorized"],"_links":{"self":[{"href":"https:\/\/www.mariaabrahamsson.nu\/index.php\/wp-json\/wp\/v2\/posts\/4318","targetHints":{"allow":["GET"]}}],"collection":[{"href":"https:\/\/www.mariaabrahamsson.nu\/index.php\/wp-json\/wp\/v2\/posts"}],"about":[{"href":"https:\/\/www.mariaabrahamsson.nu\/index.php\/wp-json\/wp\/v2\/types\/post"}],"author":[{"embeddable":true,"href":"https:\/\/www.mariaabrahamsson.nu\/index.php\/wp-json\/wp\/v2\/users\/2"}],"replies":[{"embeddable":true,"href":"https:\/\/www.mariaabrahamsson.nu\/index.php\/wp-json\/wp\/v2\/comments?post=4318"}],"version-history":[{"count":0,"href":"https:\/\/www.mariaabrahamsson.nu\/index.php\/wp-json\/wp\/v2\/posts\/4318\/revisions"}],"wp:attachment":[{"href":"https:\/\/www.mariaabrahamsson.nu\/index.php\/wp-json\/wp\/v2\/media?parent=4318"}],"wp:term":[{"taxonomy":"category","embeddable":true,"href":"https:\/\/www.mariaabrahamsson.nu\/index.php\/wp-json\/wp\/v2\/categories?post=4318"},{"taxonomy":"post_tag","embeddable":true,"href":"https:\/\/www.mariaabrahamsson.nu\/index.php\/wp-json\/wp\/v2\/tags?post=4318"}],"curies":[{"name":"wp","href":"https:\/\/api.w.org\/{rel}","templated":true}]}}