{"id":4237,"date":"2011-02-17T22:09:33","date_gmt":"2011-02-17T21:09:33","guid":{"rendered":"http:\/\/www.mariaabrahamsson.nu\/?p=4237"},"modified":"2011-02-17T22:19:34","modified_gmt":"2011-02-17T21:19:34","slug":"den-nya-borgerligheten-ar-inget-man-pratar-om","status":"publish","type":"post","link":"https:\/\/www.mariaabrahamsson.nu\/index.php\/2011\/02\/17\/den-nya-borgerligheten-ar-inget-man-pratar-om\/","title":{"rendered":"Den nya borgerligheten \u00e4r inget man pratar om"},"content":{"rendered":"<p><strong>Snart slut \u00e4ven<\/strong> p\u00e5 denna torsdag. I morgon v\u00e4ntar bes\u00f6k p\u00e5 <a href=\"http:\/\/www.sodertornstingsratt.domstol.se\/default____4195.aspx\">S\u00f6dert\u00f6rns tingsr\u00e4tt<\/a> tillsammans med partikompisarna i <a href=\"http:\/\/moderatacivilkommitten.wordpress.com\/\">Civilkommitt\u00e9n<\/a>. Jag gillar verkligen studiebes\u00f6kets form av n\u00e4rkontakt med verkligheten eftersom m\u00e4nniskorna man tr\u00e4ffar i s\u00e5dana sammanhang oftast har bem\u00f6dat sig att t\u00e4nka till i f\u00f6rv\u00e4g vad de vill s\u00e4ga. Det uppskattar jag!<\/p>\n<p>T\u00e4nkt till hade &#8211; som alltid &#8211; ocks\u00e5 <a href=\"http:\/\/sv.wikipedia.org\/wiki\/Maria_Rankka\">vd Maria Rankka <\/a>gjort n\u00e4r hon i kv\u00e4ll bj\u00f6d in riksdagens ledam\u00f6ter fr\u00e5n Stockholm och Uppsala till diskussionsafton hos <a href=\"http:\/\/www.chamber.se\/\">Handelskammaren <\/a>om regionens utmaningar. Dom \u00e4r n\u00e5gra stycken, om man s\u00e4ger s\u00e5.<\/p>\n<p><strong>Bost\u00e4der som inte <\/strong>finns, segregationen i f\u00f6rorterna \u00e4r seg som sirap att f\u00e5 bukt med, ishalkan som l\u00e4gger sig som glasyr \u00f6ver stadens gator n\u00e4r de just har blivit sn\u00f6r\u00f6jda. Men absolut, jag s\u00f6ker min Stockholmsfr\u00e5ga att driva med kraft under kommande mandatperiod. D\u00e4rf\u00f6r tackade jag ocks\u00e5 tacksamt ja till Rankkas erbjudande om en fika \u00f6ver \u00e4mnet.<\/p>\n<p><a href=\"http:\/\/www.mariaabrahamsson.nu\/wp-content\/uploads\/2011\/02\/sahlinFR.jpeg\"><img loading=\"lazy\" decoding=\"async\" class=\"alignleft size-medium wp-image-4238\" title=\"sahlinFR\" src=\"http:\/\/www.mariaabrahamsson.nu\/wp-content\/uploads\/2011\/02\/sahlinFR-300x225.jpg\" alt=\"\" width=\"300\" height=\"225\" srcset=\"https:\/\/www.mariaabrahamsson.nu\/wp-content\/uploads\/2011\/02\/sahlinFR-300x225.jpg 300w, https:\/\/www.mariaabrahamsson.nu\/wp-content\/uploads\/2011\/02\/sahlinFR.jpeg 640w\" sizes=\"auto, (max-width: 300px) 100vw, 300px\" \/><\/a><strong>I riksdagen d\u00e5?<\/strong> Jo, klockan 14.00 i dag var det fr\u00e5gestund med statsministern.\u00a0Den ville man ju inte missa. S\u00e5 jag b\u00e4nkade mig i raden av kvinnliga ledam\u00f6ter (alla M) nedanf\u00f6r Fredrik Reinfeldts f\u00f6tter, k\u00e4ndes det som.<\/p>\n<p>F\u00f6rsta fr\u00e5gest\u00e4llare var den avg\u00e5ende S-ordf\u00f6randen Mona Sahlin. (Jag beklagar bildkvaliten, men jag \u00e4r os\u00e4ker p\u00e5 om man alls f\u00e5r fotografera i plenisalen med f\u00f6ljden att jag tryckte av ganska snabbt.)<\/p>\n<p><strong>I vad som<\/strong> f\u00f6rmodligen var Mona Sahlins sista fr\u00e5ga som partiledare till landets statsminister undrade hon vad regeringen t\u00e4nker g\u00f6ra f\u00f6r att \u00f6ka bostadsbyggandet. Allts\u00e5 samma fr\u00e5gest\u00e4llning som avhandlades hos Stockholms Handelskammare i kv\u00e4ll.\u00a0(I borgerliga kretsar \u00e4r jag allts\u00e5 inte ensam om att v\u00e4nta p\u00e5 svaret&#8230;)<\/p>\n<p>Efter en halvtimme l\u00e4mnar talmannens n\u00e4rmaste man podiet och glider diskret ner i plenisalen, n\u00e5gra sekunder senare hukar han sig ner mot mitt \u00f6ra. D\u00e5 hade blodet hunnit frysa till is i mina \u00e5dror. Hj\u00e4lp, nu f\u00e5r jag en uppstr\u00e4ckning f\u00f6r att jag har jeans p\u00e5 mig\u00a0i kammaren, hann jag t\u00e4nka.<\/p>\n<p><strong>Men icke, <\/strong>i st\u00e4llet f\u00e5r jag viskat i \u00f6rat att det finns tid \u00f6ver att st\u00e4lla fr\u00e5gor till statsministern, i fall n\u00e5gon av oss ledam\u00f6ter skulle vilja g\u00f6ra det.<\/p>\n<p>Och nog hade jag god lust alltid att be statsministern om en analys om varf\u00f6r min e-postl\u00e5da sedan hyfsat l\u00e5ng tid\u00a0sv\u00e4mmar \u00f6ver av inbjudningar till seminarium och debatter om <a href=\"http:\/\/blog.svd.se\/ledarbloggen\/2011\/02\/06\/hela-serien-det-nya-borgerliga-uppdraget-2\/\">borgerlighetens n\u00e4sta steg<\/a>. Men jag avstod.<\/p>\n","protected":false},"excerpt":{"rendered":"<p>Snart slut \u00e4ven p\u00e5 denna torsdag. I morgon v\u00e4ntar bes\u00f6k p\u00e5 S\u00f6dert\u00f6rns tingsr\u00e4tt tillsammans med partikompisarna i Civilkommitt\u00e9n. Jag gillar verkligen studiebes\u00f6kets form av n\u00e4rkontakt med verkligheten eftersom m\u00e4nniskorna man tr\u00e4ffar i s\u00e5dana sammanhang oftast har bem\u00f6dat sig att t\u00e4nka till i f\u00f6rv\u00e4g vad de vill s\u00e4ga. Det uppskattar jag! T\u00e4nkt till hade &#8211; som&hellip;<\/p>\n<p class=\"more-link-p\"><a class=\"more-link\" href=\"https:\/\/www.mariaabrahamsson.nu\/index.php\/2011\/02\/17\/den-nya-borgerligheten-ar-inget-man-pratar-om\/\">Read more &rarr;<\/a><\/p>\n","protected":false},"author":2,"featured_media":0,"comment_status":"open","ping_status":"open","sticky":false,"template":"","format":"standard","meta":{"footnotes":""},"categories":[1],"tags":[],"class_list":["post-4237","post","type-post","status-publish","format-standard","hentry","category-uncategorized"],"_links":{"self":[{"href":"https:\/\/www.mariaabrahamsson.nu\/index.php\/wp-json\/wp\/v2\/posts\/4237","targetHints":{"allow":["GET"]}}],"collection":[{"href":"https:\/\/www.mariaabrahamsson.nu\/index.php\/wp-json\/wp\/v2\/posts"}],"about":[{"href":"https:\/\/www.mariaabrahamsson.nu\/index.php\/wp-json\/wp\/v2\/types\/post"}],"author":[{"embeddable":true,"href":"https:\/\/www.mariaabrahamsson.nu\/index.php\/wp-json\/wp\/v2\/users\/2"}],"replies":[{"embeddable":true,"href":"https:\/\/www.mariaabrahamsson.nu\/index.php\/wp-json\/wp\/v2\/comments?post=4237"}],"version-history":[{"count":0,"href":"https:\/\/www.mariaabrahamsson.nu\/index.php\/wp-json\/wp\/v2\/posts\/4237\/revisions"}],"wp:attachment":[{"href":"https:\/\/www.mariaabrahamsson.nu\/index.php\/wp-json\/wp\/v2\/media?parent=4237"}],"wp:term":[{"taxonomy":"category","embeddable":true,"href":"https:\/\/www.mariaabrahamsson.nu\/index.php\/wp-json\/wp\/v2\/categories?post=4237"},{"taxonomy":"post_tag","embeddable":true,"href":"https:\/\/www.mariaabrahamsson.nu\/index.php\/wp-json\/wp\/v2\/tags?post=4237"}],"curies":[{"name":"wp","href":"https:\/\/api.w.org\/{rel}","templated":true}]}}