{"id":4214,"date":"2011-02-16T09:39:21","date_gmt":"2011-02-16T08:39:21","guid":{"rendered":"http:\/\/www.mariaabrahamsson.nu\/?p=4214"},"modified":"2011-02-16T14:40:59","modified_gmt":"2011-02-16T13:40:59","slug":"domarnamnden-votering-och-sedan-debatt","status":"publish","type":"post","link":"https:\/\/www.mariaabrahamsson.nu\/index.php\/2011\/02\/16\/domarnamnden-votering-och-sedan-debatt\/","title":{"rendered":"Domarn\u00e4mnden, votering och sedan debatt"},"content":{"rendered":"<p><strong>Carl Bildt har \u00e4ntrat talarstolen<\/strong>. Nu v\u00e4ntas utrikespolitisk debatt i kammaren. Sj\u00e4lv planerar jag inf\u00f6r dagens sammantr\u00e4de med Domarn\u00e4mnden. M\u00f6tet inleddes vid lunchtid i g\u00e5r, forts\u00e4tter nu klockan 10 och slutar inte f\u00f6rr\u00e4n vid 16.\u00a0Det \u00e4r en grannlaga uppgift n\u00e4mnden har att bes\u00e4tta landets lediga domartj\u00e4nster med de b\u00e4st l\u00e4mpade f\u00f6r uppgiften.<\/p>\n<p><a href=\"http:\/\/www.mariaabrahamsson.nu\/wp-content\/uploads\/2011\/02\/stenheckscher1.jpeg\"><img loading=\"lazy\" decoding=\"async\" class=\"alignleft size-medium wp-image-4216\" title=\"stenheckscher\" src=\"http:\/\/www.mariaabrahamsson.nu\/wp-content\/uploads\/2011\/02\/stenheckscher1-225x300.jpg\" alt=\"\" width=\"225\" height=\"300\" srcset=\"https:\/\/www.mariaabrahamsson.nu\/wp-content\/uploads\/2011\/02\/stenheckscher1-225x300.jpg 225w, https:\/\/www.mariaabrahamsson.nu\/wp-content\/uploads\/2011\/02\/stenheckscher1.jpeg 480w\" sizes=\"auto, (max-width: 225px) 100vw, 225px\" \/><\/a>Tillf\u00e4lligt huserar Domarn\u00e4mnden i Kammarr\u00e4ttens lokaler. \u00d6ver oss vakar domstolens presidenter genom tiderna.<\/p>\n<p><strong>De historiska vingslagen<\/strong> sl\u00e5r. H\u00e4r till v\u00e4nster den f\u00f6rre Kammarr\u00e4ttspresidenten Sten Heckscher f\u00f6revigad i olja. Moderiktigt kl\u00e4dd utan slips.<\/p>\n<p>I eftermiddag v\u00e4ntar votering och sedan debatt om bland annat <a href=\"http:\/\/www.riksdagen.se\/Webbnav\/index.aspx?nid=3120&amp;doktyp=betankande&amp;bet=2010\/11:KU19\">KU19<\/a> &#8211; om riksdagens arbetsformen.<\/p>\n<p>Jag kunde bara inte motst\u00e5 tillf\u00e4llet att s\u00e4tta upp mig p\u00e5 talarlistan f\u00f6r att h\u00e5lla ett sex minuters inl\u00e4gg (n\u00e5ja, 4.17 n\u00e4r jag l\u00e4ste mot klockan i g\u00e5r).<\/p>\n<p>Konstitutionsutskottet g\u00f6r som v\u00e4ntat\u00a0tummen ner f\u00f6r min <a href=\"http:\/\/www.riksdagen.se\/webbnav\/index.aspx?nid=410&amp;dok_id=GY02K255\">motion<\/a> om behovet av att se \u00f6ver riksdagens riktlinjer\u00a0f\u00f6r ledam\u00f6ternas m\u00f6jlighet att ta tj\u00e4nstledigt. Sj\u00e4lv t\u00e4nker jag g\u00f6ra vad jag kan under denna mandatperiod f\u00f6r att \u00e4ndra p\u00e5 den saken. F\u00f6lj g\u00e4rna eftermiddagens debatt p\u00e5 riksdagens <a href=\"http:\/\/www.riksdagen.se\/templates\/R_SubStartPage____4935.aspx\">webb!<\/a><\/p>\n<p><strong>Se d\u00e4r, Carl Bildt<\/strong> f\u00e5r appl\u00e5der och l\u00e4mnar talarstolen, som nu \u00f6vertas av Socialdemokraternas Urban Ahlin. Varning f\u00f6r uppskruvat tonl\u00e4ge.<\/p>\n<p>F\u00f6r mig \u00e4r det h\u00f6g tid att l\u00e4tta fr\u00e5n skrivbordsstolen och hasta i v\u00e4g till Domarn\u00e4mnden.<\/p>\n","protected":false},"excerpt":{"rendered":"<p>Carl Bildt har \u00e4ntrat talarstolen. Nu v\u00e4ntas utrikespolitisk debatt i kammaren. Sj\u00e4lv planerar jag inf\u00f6r dagens sammantr\u00e4de med Domarn\u00e4mnden. M\u00f6tet inleddes vid lunchtid i g\u00e5r, forts\u00e4tter nu klockan 10 och slutar inte f\u00f6rr\u00e4n vid 16.\u00a0Det \u00e4r en grannlaga uppgift n\u00e4mnden har att bes\u00e4tta landets lediga domartj\u00e4nster med de b\u00e4st l\u00e4mpade f\u00f6r uppgiften. Tillf\u00e4lligt huserar Domarn\u00e4mnden&hellip;<\/p>\n<p class=\"more-link-p\"><a class=\"more-link\" href=\"https:\/\/www.mariaabrahamsson.nu\/index.php\/2011\/02\/16\/domarnamnden-votering-och-sedan-debatt\/\">Read more &rarr;<\/a><\/p>\n","protected":false},"author":2,"featured_media":0,"comment_status":"open","ping_status":"open","sticky":false,"template":"","format":"standard","meta":{"footnotes":""},"categories":[1],"tags":[],"class_list":["post-4214","post","type-post","status-publish","format-standard","hentry","category-uncategorized"],"_links":{"self":[{"href":"https:\/\/www.mariaabrahamsson.nu\/index.php\/wp-json\/wp\/v2\/posts\/4214","targetHints":{"allow":["GET"]}}],"collection":[{"href":"https:\/\/www.mariaabrahamsson.nu\/index.php\/wp-json\/wp\/v2\/posts"}],"about":[{"href":"https:\/\/www.mariaabrahamsson.nu\/index.php\/wp-json\/wp\/v2\/types\/post"}],"author":[{"embeddable":true,"href":"https:\/\/www.mariaabrahamsson.nu\/index.php\/wp-json\/wp\/v2\/users\/2"}],"replies":[{"embeddable":true,"href":"https:\/\/www.mariaabrahamsson.nu\/index.php\/wp-json\/wp\/v2\/comments?post=4214"}],"version-history":[{"count":0,"href":"https:\/\/www.mariaabrahamsson.nu\/index.php\/wp-json\/wp\/v2\/posts\/4214\/revisions"}],"wp:attachment":[{"href":"https:\/\/www.mariaabrahamsson.nu\/index.php\/wp-json\/wp\/v2\/media?parent=4214"}],"wp:term":[{"taxonomy":"category","embeddable":true,"href":"https:\/\/www.mariaabrahamsson.nu\/index.php\/wp-json\/wp\/v2\/categories?post=4214"},{"taxonomy":"post_tag","embeddable":true,"href":"https:\/\/www.mariaabrahamsson.nu\/index.php\/wp-json\/wp\/v2\/tags?post=4214"}],"curies":[{"name":"wp","href":"https:\/\/api.w.org\/{rel}","templated":true}]}}