{"id":417,"date":"2009-11-16T10:41:40","date_gmt":"2009-11-16T09:41:40","guid":{"rendered":"http:\/\/www.mariaabrahamsson.nu\/?p=417"},"modified":"2020-11-02T10:10:03","modified_gmt":"2020-11-02T09:10:03","slug":"schyman-i-allmanhetens-tjanst","status":"publish","type":"post","link":"https:\/\/www.mariaabrahamsson.nu\/index.php\/2009\/11\/16\/schyman-i-allmanhetens-tjanst\/","title":{"rendered":"Schyman i allm\u00e4nhetens tj\u00e4nst"},"content":{"rendered":"<p><strong>Genom \u00e5ren <\/strong>har jag luftat mer eller mindre v\u00e4lgrundade \u00e5sikter om hur SR och SVT lever upp till f\u00f6retagens publicserviceuppdrag. Men priset tar nog \u00e4nd\u00e5 Gudrun Schyman.<\/p>\n<p>I\u00a0<a href=\"http:\/\/www.sr.se\/sida\/gruppsida.aspx?programid=2795&amp;grupp=9346\">P1:s Medierna<\/a> i l\u00f6rdags gick Schyman till attack mot SVT f\u00f6r att man l\u00e5ter barnmorskan\u00a0<a href=\"http:\/\/www.louisehallin.se\/\">Louise Hallin<\/a> sitta i morgonsoffan och uttala sig som barnexpert. Samma Hallin som figurerar i SVT:s\u00a0<a href=\"http:\/\/svt.se\/2.116765\/ett_fall_for_louise\">Ett fall f\u00f6r Louise.<\/a><\/p>\n<p><strong>Som leg barnmorska<\/strong> och leg psykoterapeut\u00a0driver Hallin tesen att barn inte m\u00e5r v\u00e4l av att under f\u00f6rsta levnadshalv\u00e5ret skiljas l\u00e4ngre stunder fr\u00e5n modern. Hallin p\u00e5st\u00e5r sonika att barn helst inte b\u00f6r placeras p\u00e5 dagis f\u00f6re tv\u00e5 \u00e5rs \u00e5lder. D\u00e4rmed s\u00e4ger hon inte, vilket en del v\u00e4ljer att tolka in, att det n\u00f6dv\u00e4ndigtvis \u00e4r mammorrrrrrrr som ska avst\u00e5 fr\u00e5n att jobba under de tv\u00e5 f\u00f6rsta \u00e5ren. Tv\u00e4rtom, f\u00f6r barnet g\u00e5r det lika bra med pappa hemma, men efter det f\u00f6rsta halv\u00e5ret.<\/p>\n<p><strong>Mindre provocerad <\/strong>var Schyman i fredags n\u00e4r hon\u00a0p\u00e5 uppdrag av SR:s Lantz i P4 s\u00e4ndes ut till Stockholmstidningars sportredaktioner f\u00f6r att <a href=\"http:\/\/www.sr.se\/sida\/default.aspx?ProgramID=2976\">g\u00f6ra radio i allm\u00e4nhetens tj\u00e4nst<\/a>. P\u00e5 temat: Feminismen kommer till sporten.<\/p>\n<p><strong>Hela det h\u00e4r <\/strong>programinslaget i allm\u00e4nhetens tj\u00e4nst\u00a0gick allts\u00e5 ut p\u00e5 att Feministiskt initiativs talesperson skulle gissla tidningarna f\u00f6r deras sportsidors bildunderskott p\u00e5 kvinnor. P\u00e5 licensbetalarnas bekostnad.<\/p>\n<p>Kulturjournalisten MarieLouise Samuelsson skriver i dag tr\u00e4ffs\u00e4kert om SR:s hj\u00e4rnsl\u00e4pp att anlita en politiker, i detta fall som feministreporter. L\u00e4s om el\u00e4ndet i DN:s kulturbilaga (Tyv\u00e4rr hittar jag ingen l\u00e4nk till Samuelssons utm\u00e4rkta text).<\/p>\n<p><strong><br \/>\n<\/strong><\/p>\n","protected":false},"excerpt":{"rendered":"<p>Genom \u00e5ren har jag luftat mer eller mindre v\u00e4lgrundade \u00e5sikter om hur SR och SVT lever upp till f\u00f6retagens publicserviceuppdrag. Men priset tar nog \u00e4nd\u00e5 Gudrun Schyman. I\u00a0P1:s Medierna i l\u00f6rdags gick Schyman till attack mot SVT f\u00f6r att man l\u00e5ter barnmorskan\u00a0Louise Hallin sitta i morgonsoffan och uttala sig som barnexpert. Samma Hallin som figurerar&hellip;<\/p>\n<p class=\"more-link-p\"><a class=\"more-link\" href=\"https:\/\/www.mariaabrahamsson.nu\/index.php\/2009\/11\/16\/schyman-i-allmanhetens-tjanst\/\">Read more &rarr;<\/a><\/p>\n","protected":false},"author":2,"featured_media":0,"comment_status":"closed","ping_status":"open","sticky":false,"template":"","format":"standard","meta":{"footnotes":""},"categories":[1],"tags":[277],"class_list":["post-417","post","type-post","status-publish","format-standard","hentry","category-uncategorized","tag-schyman"],"_links":{"self":[{"href":"https:\/\/www.mariaabrahamsson.nu\/index.php\/wp-json\/wp\/v2\/posts\/417","targetHints":{"allow":["GET"]}}],"collection":[{"href":"https:\/\/www.mariaabrahamsson.nu\/index.php\/wp-json\/wp\/v2\/posts"}],"about":[{"href":"https:\/\/www.mariaabrahamsson.nu\/index.php\/wp-json\/wp\/v2\/types\/post"}],"author":[{"embeddable":true,"href":"https:\/\/www.mariaabrahamsson.nu\/index.php\/wp-json\/wp\/v2\/users\/2"}],"replies":[{"embeddable":true,"href":"https:\/\/www.mariaabrahamsson.nu\/index.php\/wp-json\/wp\/v2\/comments?post=417"}],"version-history":[{"count":1,"href":"https:\/\/www.mariaabrahamsson.nu\/index.php\/wp-json\/wp\/v2\/posts\/417\/revisions"}],"predecessor-version":[{"id":13651,"href":"https:\/\/www.mariaabrahamsson.nu\/index.php\/wp-json\/wp\/v2\/posts\/417\/revisions\/13651"}],"wp:attachment":[{"href":"https:\/\/www.mariaabrahamsson.nu\/index.php\/wp-json\/wp\/v2\/media?parent=417"}],"wp:term":[{"taxonomy":"category","embeddable":true,"href":"https:\/\/www.mariaabrahamsson.nu\/index.php\/wp-json\/wp\/v2\/categories?post=417"},{"taxonomy":"post_tag","embeddable":true,"href":"https:\/\/www.mariaabrahamsson.nu\/index.php\/wp-json\/wp\/v2\/tags?post=417"}],"curies":[{"name":"wp","href":"https:\/\/api.w.org\/{rel}","templated":true}]}}