{"id":4143,"date":"2011-02-06T18:40:50","date_gmt":"2011-02-06T17:40:50","guid":{"rendered":"http:\/\/www.mariaabrahamsson.nu\/?p=4143"},"modified":"2011-02-06T19:38:27","modified_gmt":"2011-02-06T18:38:27","slug":"kanonbra-rikspolischefen-men-skippa-den-dar-vardegrunden","status":"publish","type":"post","link":"https:\/\/www.mariaabrahamsson.nu\/index.php\/2011\/02\/06\/kanonbra-rikspolischefen-men-skippa-den-dar-vardegrunden\/","title":{"rendered":"Kanonbra rikspolischefen, men skippa den d\u00e4r v\u00e4rdegrunden"},"content":{"rendered":"<p><strong>Elaka tungor p\u00e5st\u00e5r <\/strong>att det inte var en tillf\u00e4llighet att polisen i det internt hyperk\u00e4nsliga fallet <a href=\"http:\/\/svt.se\/2.140599\/1.2237491\/fenomenet_goran_lindberg_garningsmannen\">G\u00f6ran Lindberg<\/a> arbetade med en <a href=\"http:\/\/svt.se\/2.140599\/1.2237487\/fenomenet_goran_lindberg_spaningsarbetet\">spaningsinsats <\/a>som gick under\u00a0kodnamnet &#8221;Operation V\u00e4rdegrund&#8221;. Varf\u00f6r?<\/p>\n<p>D\u00e4rf\u00f6r att begreppet v\u00e4rdegrund bed\u00f6mdes v\u00e4cka noll risk f\u00f6r att nyfikna poliskolleger skulle vilja smygl\u00e4sa det superhemliga utredningsmaterialet.<\/p>\n<p><strong>Men bortsett fr\u00e5n detta &#8211; s\u00e5 <\/strong>n\u00e4r som p\u00e5 skrivningen om att polisens <a href=\"http:\/\/www.mariaabrahamsson.nu\/index.php\/2009\/11\/16\/kling-och-klang-och-vardegrunden\/\">v\u00e4rdegrundsarbete <\/a>\u00e4r en fortsatt f\u00f6ruts\u00e4ttning f\u00f6r allm\u00e4nhetens f\u00f6rtroende f\u00f6r polisk\u00e5ren, skriver jag under p\u00e5 allt som rikspolischef Bengt Svenson s\u00e4ger p\u00e5 <a href=\"http:\/\/www.dn.se\/debatt\/sa-har-ska-svensk-polis-bli-mer-effektiv-och-modern\">DN Debatt<\/a>.<\/p>\n<p>Om Svenson innan publiceringen har f\u00e5tt <a href=\"http:\/\/www.dn.se\/debatt\/alldeles-for-fa-poliser-syns-till-ute-pa-gatorna\">tummen upp<\/a> av <a href=\"http:\/\/www.aftonbladet.se\/nyheter\/article2461148.ab\">h\u00f6gsta chefen<\/a> har jag f\u00f6rst\u00e5s ingen aning om, men man kan ju hoppas.\u00a0F\u00f6r rikspolischefen och jag \u00e4r helt \u00f6verens\u00a0om <a href=\"http:\/\/www.dn.se\/debatt\/m-maste-vaxla-spar-om-polisen\">behovet <\/a>av\u00a0att sl\u00e5 ihop dagens 21 (revirstridande, min anm\u00e4rkning) l\u00e4nspolismyndigheter till en samlad. Dessutom upplever jag det n\u00e4rmast som en uppr\u00e4ttelse att Rikspolisstyrelsen nu ska inr\u00e4tta en egen utv\u00e4rderingsverksamhet f\u00f6r att b\u00e4ttre ta tillvara kunskaperna som finns om framg\u00e5ngsrikt polisarbete och sprida metoderna vidare till hela organisationen. En mjukare inlindad bredsida \u00e5t <a href=\"http:\/\/www.svd.se\/opinion\/ledarsidan\/borja-skissa-pa-vad-som-ska-komma-efter-bra_2389899.svd\">Brottsf\u00f6rebyggande r\u00e5det<\/a> \u00e4r sv\u00e5rt att t\u00e4nka sig!<\/p>\n<p><strong>Men visst, man<\/strong> g\u00f6r klokt i att avvakta <a href=\"http:\/\/www.dn.se\/debatt\/regeringen-ska-granska-brottsforebyggande-radet\">regeringens Br\u00e5-utredande <\/a>innan sista spiken i kistan kan sl\u00e5s i.<\/p>\n<p>F\u00f6r mig som ansvarsfull politiker med mesta m\u00f6jliga utpressning av medborgarnas skattekronor f\u00f6r \u00f6gon, f\u00e5r Rikspolisstyrelsen hemskt g\u00e4rna ocks\u00e5 sprida vidare internt vilka dyrk\u00f6pta erfarenheter av <a href=\"http:\/\/sverigesradio.se\/sida\/artikel.aspx?programid=99&amp;artikel=3419852\">uselt polisarbete<\/a> det finns. Inte heller skeva hjul beh\u00f6ver uppfinnas i repris.<\/p>\n<p><strong>\u00c5terst\u00e5r s\u00e5 bara<\/strong> f\u00f6r mig att konstatera att denna s\u00f6ndag inte alls anv\u00e4ndes &#8211; som planerat &#8211; till att vrida och v\u00e4nda p\u00e5 v\u00e4lf\u00e4rdsbegreppet. Ja, i pluggsyfte inf\u00f6r mitt g\u00e4stspel (med <a href=\"http:\/\/blogg.expressen.se\/lottagroning\/\">Lotta Gr\u00f6ning<\/a> och <a href=\"http:\/\/www.jonashallberg.com\/\">Jonas Hallberg<\/a>) p\u00e5\u00a0<a href=\"http:\/\/www.kfsk.se\/sidor\/kurserochkonferenser\/arkivochdoldasidor\/kurserochkonferenser\/2011var\/kommunernaochvalfarden.4469.html\">v\u00e4lf\u00e4rdskonferens<\/a> i Kommunf\u00f6rbundet Sk\u00e5nes regi senare i veckan.<\/p>\n<p>Jaja, nu inv\u00e4ntas kv\u00e4llens h\u00f6jdpunkt: <a href=\"http:\/\/www.tv4.se\/solsidan\">Solsidan<\/a>. S\u00e5 l\u00e4ttroad \u00e4r jag, du med?<\/p>\n","protected":false},"excerpt":{"rendered":"<p>Elaka tungor p\u00e5st\u00e5r att det inte var en tillf\u00e4llighet att polisen i det internt hyperk\u00e4nsliga fallet G\u00f6ran Lindberg arbetade med en spaningsinsats som gick under\u00a0kodnamnet &#8221;Operation V\u00e4rdegrund&#8221;. Varf\u00f6r? D\u00e4rf\u00f6r att begreppet v\u00e4rdegrund bed\u00f6mdes v\u00e4cka noll risk f\u00f6r att nyfikna poliskolleger skulle vilja smygl\u00e4sa det superhemliga utredningsmaterialet. Men bortsett fr\u00e5n detta &#8211; s\u00e5 n\u00e4r som p\u00e5&hellip;<\/p>\n<p class=\"more-link-p\"><a class=\"more-link\" href=\"https:\/\/www.mariaabrahamsson.nu\/index.php\/2011\/02\/06\/kanonbra-rikspolischefen-men-skippa-den-dar-vardegrunden\/\">Read more &rarr;<\/a><\/p>\n","protected":false},"author":2,"featured_media":0,"comment_status":"open","ping_status":"open","sticky":false,"template":"","format":"standard","meta":{"footnotes":""},"categories":[1],"tags":[],"class_list":["post-4143","post","type-post","status-publish","format-standard","hentry","category-uncategorized"],"_links":{"self":[{"href":"https:\/\/www.mariaabrahamsson.nu\/index.php\/wp-json\/wp\/v2\/posts\/4143","targetHints":{"allow":["GET"]}}],"collection":[{"href":"https:\/\/www.mariaabrahamsson.nu\/index.php\/wp-json\/wp\/v2\/posts"}],"about":[{"href":"https:\/\/www.mariaabrahamsson.nu\/index.php\/wp-json\/wp\/v2\/types\/post"}],"author":[{"embeddable":true,"href":"https:\/\/www.mariaabrahamsson.nu\/index.php\/wp-json\/wp\/v2\/users\/2"}],"replies":[{"embeddable":true,"href":"https:\/\/www.mariaabrahamsson.nu\/index.php\/wp-json\/wp\/v2\/comments?post=4143"}],"version-history":[{"count":0,"href":"https:\/\/www.mariaabrahamsson.nu\/index.php\/wp-json\/wp\/v2\/posts\/4143\/revisions"}],"wp:attachment":[{"href":"https:\/\/www.mariaabrahamsson.nu\/index.php\/wp-json\/wp\/v2\/media?parent=4143"}],"wp:term":[{"taxonomy":"category","embeddable":true,"href":"https:\/\/www.mariaabrahamsson.nu\/index.php\/wp-json\/wp\/v2\/categories?post=4143"},{"taxonomy":"post_tag","embeddable":true,"href":"https:\/\/www.mariaabrahamsson.nu\/index.php\/wp-json\/wp\/v2\/tags?post=4143"}],"curies":[{"name":"wp","href":"https:\/\/api.w.org\/{rel}","templated":true}]}}