{"id":4135,"date":"2011-02-05T13:31:24","date_gmt":"2011-02-05T12:31:24","guid":{"rendered":"http:\/\/www.mariaabrahamsson.nu\/?p=4135"},"modified":"2011-02-05T13:36:26","modified_gmt":"2011-02-05T12:36:26","slug":"och-vitsen-med-interna-internat-ar","status":"publish","type":"post","link":"https:\/\/www.mariaabrahamsson.nu\/index.php\/2011\/02\/05\/och-vitsen-med-interna-internat-ar\/","title":{"rendered":"Och vitsen med interna internat \u00e4r?"},"content":{"rendered":"<p><strong>Solen stiger i \u00d6sterland<\/strong>, Gotlandsf\u00e4rjan glider i hamn. Det var med andra ord en betagande utsikt fr\u00e5n rumsf\u00f6nstret p\u00e5 internatanl\u00e4ggningen d\u00e4r den moderata riksdagsgruppen <a href=\"http:\/\/www.mariaabrahamsson.nu\/index.php\/2011\/02\/02\/votering-begard-riksdagsgruppen-aker-pa-internat\/\">lade in sig<\/a> torsdag till fredag lunch.<\/p>\n<p><a href=\"http:\/\/www.mariaabrahamsson.nu\/wp-content\/uploads\/2011\/02\/Nyn\u00e4shamn.jpeg\"><img loading=\"lazy\" decoding=\"async\" class=\"alignright size-medium wp-image-4136\" title=\"Nyn\u00e4shamn\" src=\"http:\/\/www.mariaabrahamsson.nu\/wp-content\/uploads\/2011\/02\/Nyn\u00e4shamn-300x225.jpg\" alt=\"\" width=\"300\" height=\"225\" srcset=\"https:\/\/www.mariaabrahamsson.nu\/wp-content\/uploads\/2011\/02\/Nyn\u00e4shamn-300x225.jpg 300w, https:\/\/www.mariaabrahamsson.nu\/wp-content\/uploads\/2011\/02\/Nyn\u00e4shamn.jpeg 640w\" sizes=\"auto, (max-width: 300px) 100vw, 300px\" \/><\/a><\/p>\n<p>Jag f\u00f6rst\u00e5r att det kan v\u00e4cka\u00a0<a href=\"http:\/\/www.dagensopinion.se\/moderata-riksdagsgruppen-drillas-p\u00e5-hemligt-internat\">viss nyfikenhet<\/a> n\u00e4r det stora regeringspartiets <a href=\"http:\/\/www.moderat.se\/web\/Riksdagsledamoter.aspx\">107 riksdagsledam\u00f6ter<\/a> drar sig tillbaka ett dygn fr\u00e5n <a href=\"http:\/\/sv.wikipedia.org\/wiki\/Helgeandsholmen\">Helgeandsholmen<\/a> f\u00f6r att prata politik och umg\u00e5s.<\/p>\n<p>\u00c5terb\u00f6rdad till huvudstaden hann jag s\u00e5lunda inte s\u00e4tta ner v\u00e4skan f\u00f6rr\u00e4n telefonen ringde.<\/p>\n<p><strong>&#8211; Vad pratade ni om,<\/strong> undrade Dagens Opinions Tonchi Percan i andra \u00e4nden. Det var ett internt m\u00f6te, svarade jag. Underf\u00f6rst\u00e5tt: Mer \u00e4n s\u00e5 f\u00e5r du inte veta eftersom det just var ett internt m\u00f6te.<\/p>\n<p>&#8211; Jo, men vad pratade ni om, envisades Percan. Vitsen med interna m\u00f6ten \u00e4r att de ska vara just interna, men s\u00e5 \u00f6vertydlig ville jag inte vara.<\/p>\n<p>I st\u00e4llet f\u00f6rs\u00f6kte jag med: J\u00e4mf\u00f6r med n\u00e4r du och dina redaktionskolleger st\u00e4nger in er f\u00f6r att f\u00e5 prata ost\u00f6rt. En bild som i reporterns omskrivning blev\u00a0<a href=\"http:\/\/www.dagensopinion.se\/moderaterna-l\u00e4gger-locket-p\u00e5-om-dygnet-p\u00e5-internatet\">f\u00f6retagarseminarium<\/a>&#8230;Kl\u00e4dsamt nog skrattade Percan sj\u00e4lv generat \u00e5t sin l\u00f6jev\u00e4ckande inv\u00e4ndning:<\/p>\n<p><strong>&#8211; Jo, men ni <\/strong>\u00e4r folkvalda.<\/p>\n<p><a href=\"http:\/\/www.mariaabrahamsson.nu\/wp-content\/uploads\/2011\/02\/gladtrio.jpeg\"><img loading=\"lazy\" decoding=\"async\" class=\"alignleft size-medium wp-image-4137\" title=\"gladtrio\" src=\"http:\/\/www.mariaabrahamsson.nu\/wp-content\/uploads\/2011\/02\/gladtrio-300x225.jpg\" alt=\"\" width=\"300\" height=\"225\" srcset=\"https:\/\/www.mariaabrahamsson.nu\/wp-content\/uploads\/2011\/02\/gladtrio-300x225.jpg 300w, https:\/\/www.mariaabrahamsson.nu\/wp-content\/uploads\/2011\/02\/gladtrio.jpeg 640w\" sizes=\"auto, (max-width: 300px) 100vw, 300px\" \/><\/a>N\u00e5gra sm\u00e5 hemligheter kan jag dock avsl\u00f6ja f\u00f6r s\u00e5v\u00e4l den murvlande reportern som f\u00f6r alla andra:<\/p>\n<p><strong>Tre\u00a0handl\u00e4ggarkolleger <\/strong>p\u00e5 det Moderata riksdagskansliet under 1990-talet ses h\u00e4r k\u00e4rt konfererande p\u00e5 hemligt internat.\u00a0Och vinglaset som jag h\u00e5ller i handen har jag sj\u00e4lv betalt, n\u00e4sta bj\u00f6d <a href=\"http:\/\/www.gunnaraxen.se\/\">&#8221;Faxen&#8221;<\/a> p\u00e5.<\/p>\n","protected":false},"excerpt":{"rendered":"<p>Solen stiger i \u00d6sterland, Gotlandsf\u00e4rjan glider i hamn. Det var med andra ord en betagande utsikt fr\u00e5n rumsf\u00f6nstret p\u00e5 internatanl\u00e4ggningen d\u00e4r den moderata riksdagsgruppen lade in sig torsdag till fredag lunch. Jag f\u00f6rst\u00e5r att det kan v\u00e4cka\u00a0viss nyfikenhet n\u00e4r det stora regeringspartiets 107 riksdagsledam\u00f6ter drar sig tillbaka ett dygn fr\u00e5n Helgeandsholmen f\u00f6r att prata politik&hellip;<\/p>\n<p class=\"more-link-p\"><a class=\"more-link\" href=\"https:\/\/www.mariaabrahamsson.nu\/index.php\/2011\/02\/05\/och-vitsen-med-interna-internat-ar\/\">Read more &rarr;<\/a><\/p>\n","protected":false},"author":2,"featured_media":0,"comment_status":"open","ping_status":"open","sticky":false,"template":"","format":"standard","meta":{"footnotes":""},"categories":[1],"tags":[],"class_list":["post-4135","post","type-post","status-publish","format-standard","hentry","category-uncategorized"],"_links":{"self":[{"href":"https:\/\/www.mariaabrahamsson.nu\/index.php\/wp-json\/wp\/v2\/posts\/4135","targetHints":{"allow":["GET"]}}],"collection":[{"href":"https:\/\/www.mariaabrahamsson.nu\/index.php\/wp-json\/wp\/v2\/posts"}],"about":[{"href":"https:\/\/www.mariaabrahamsson.nu\/index.php\/wp-json\/wp\/v2\/types\/post"}],"author":[{"embeddable":true,"href":"https:\/\/www.mariaabrahamsson.nu\/index.php\/wp-json\/wp\/v2\/users\/2"}],"replies":[{"embeddable":true,"href":"https:\/\/www.mariaabrahamsson.nu\/index.php\/wp-json\/wp\/v2\/comments?post=4135"}],"version-history":[{"count":0,"href":"https:\/\/www.mariaabrahamsson.nu\/index.php\/wp-json\/wp\/v2\/posts\/4135\/revisions"}],"wp:attachment":[{"href":"https:\/\/www.mariaabrahamsson.nu\/index.php\/wp-json\/wp\/v2\/media?parent=4135"}],"wp:term":[{"taxonomy":"category","embeddable":true,"href":"https:\/\/www.mariaabrahamsson.nu\/index.php\/wp-json\/wp\/v2\/categories?post=4135"},{"taxonomy":"post_tag","embeddable":true,"href":"https:\/\/www.mariaabrahamsson.nu\/index.php\/wp-json\/wp\/v2\/tags?post=4135"}],"curies":[{"name":"wp","href":"https:\/\/api.w.org\/{rel}","templated":true}]}}