{"id":412,"date":"2009-11-15T20:25:09","date_gmt":"2009-11-15T20:25:09","guid":{"rendered":"http:\/\/www.mariaabrahamsson.nu\/?p=412"},"modified":"2009-11-15T20:32:32","modified_gmt":"2009-11-15T20:32:32","slug":"rosa-duger-inte-som-ursakt","status":"publish","type":"post","link":"https:\/\/www.mariaabrahamsson.nu\/index.php\/2009\/11\/15\/rosa-duger-inte-som-ursakt\/","title":{"rendered":"Nej, rosa funkar inte som urs\u00e4kt!"},"content":{"rendered":"<p><strong>N\u00e4r Stockholms l\u00e4nspolism\u00e4stare<\/strong> Carin G\u00f6tblad f\u00f6r ett par \u00e5r sedan skulle f\u00f6rklara alla ouppklarade r\u00e5n i huvudstaden, upptr\u00e4dde hon i SVT:s morgonstudio if\u00f6rd rosa angoraullig kofta.<\/p>\n<p><strong>N\u00e4r SEB:s vd<\/strong> Annika Falkengren en l\u00f6rdagsmorgon i v\u00e5ras i TV4 skulle f\u00f6rsvara sin egen l\u00f6ne\u00f6kning n\u00e4r bonusv\u00e5gorna gick h\u00f6ga gjorde hon det if\u00f6rd en rosa kort\u00e4rmad blus.<\/p>\n<p><strong>I kv\u00e4ll i SVT:s Agenda<\/strong> f\u00f6rsvarade n\u00e4ringsminister Maud Olofsson sin egen roll i Vattenfalls\u00e5pan if\u00f6rd en rosam\u00f6nstrad kofta.<\/p>\n<p>Samband?<\/p>\n","protected":false},"excerpt":{"rendered":"<p>N\u00e4r Stockholms l\u00e4nspolism\u00e4stare Carin G\u00f6tblad f\u00f6r ett par \u00e5r sedan skulle f\u00f6rklara alla ouppklarade r\u00e5n i huvudstaden, upptr\u00e4dde hon i SVT:s morgonstudio if\u00f6rd rosa angoraullig kofta. N\u00e4r SEB:s vd Annika Falkengren en l\u00f6rdagsmorgon i v\u00e5ras i TV4 skulle f\u00f6rsvara sin egen l\u00f6ne\u00f6kning n\u00e4r bonusv\u00e5gorna gick h\u00f6ga gjorde hon det if\u00f6rd en rosa kort\u00e4rmad blus. I&hellip;<\/p>\n<p class=\"more-link-p\"><a class=\"more-link\" href=\"https:\/\/www.mariaabrahamsson.nu\/index.php\/2009\/11\/15\/rosa-duger-inte-som-ursakt\/\">Read more &rarr;<\/a><\/p>\n","protected":false},"author":2,"featured_media":0,"comment_status":"closed","ping_status":"open","sticky":false,"template":"","format":"standard","meta":{"footnotes":""},"categories":[1],"tags":[],"class_list":["post-412","post","type-post","status-publish","format-standard","hentry","category-uncategorized"],"_links":{"self":[{"href":"https:\/\/www.mariaabrahamsson.nu\/index.php\/wp-json\/wp\/v2\/posts\/412","targetHints":{"allow":["GET"]}}],"collection":[{"href":"https:\/\/www.mariaabrahamsson.nu\/index.php\/wp-json\/wp\/v2\/posts"}],"about":[{"href":"https:\/\/www.mariaabrahamsson.nu\/index.php\/wp-json\/wp\/v2\/types\/post"}],"author":[{"embeddable":true,"href":"https:\/\/www.mariaabrahamsson.nu\/index.php\/wp-json\/wp\/v2\/users\/2"}],"replies":[{"embeddable":true,"href":"https:\/\/www.mariaabrahamsson.nu\/index.php\/wp-json\/wp\/v2\/comments?post=412"}],"version-history":[{"count":0,"href":"https:\/\/www.mariaabrahamsson.nu\/index.php\/wp-json\/wp\/v2\/posts\/412\/revisions"}],"wp:attachment":[{"href":"https:\/\/www.mariaabrahamsson.nu\/index.php\/wp-json\/wp\/v2\/media?parent=412"}],"wp:term":[{"taxonomy":"category","embeddable":true,"href":"https:\/\/www.mariaabrahamsson.nu\/index.php\/wp-json\/wp\/v2\/categories?post=412"},{"taxonomy":"post_tag","embeddable":true,"href":"https:\/\/www.mariaabrahamsson.nu\/index.php\/wp-json\/wp\/v2\/tags?post=412"}],"curies":[{"name":"wp","href":"https:\/\/api.w.org\/{rel}","templated":true}]}}