{"id":408,"date":"2009-11-15T10:52:32","date_gmt":"2009-11-15T10:52:32","guid":{"rendered":"http:\/\/www.mariaabrahamsson.nu\/?p=408"},"modified":"2009-12-18T17:24:08","modified_gmt":"2009-12-18T17:24:08","slug":"m-gar-starkta-ur-vellingeaffaren","status":"publish","type":"post","link":"https:\/\/www.mariaabrahamsson.nu\/index.php\/2009\/11\/15\/m-gar-starkta-ur-vellingeaffaren\/","title":{"rendered":"M g\u00e5r st\u00e4rkta ur Vellingeaff\u00e4ren"},"content":{"rendered":"<p><strong>Sj\u00e4lvklart har \u00e4ven<\/strong> en kommun som Vellinge r\u00e4tt att ha synpunkter p\u00e5 svensk flyktingpolitik. Ja, till och med att kritisera den. Men placeringen av ensamkommande flyktingbarn \u00e4r en s\u00e4llsynt illa vald fr\u00e5ga att anv\u00e4nda som slagtr\u00e4 i den debatten.<\/p>\n<p>Detta inser nu \u00e4ven Vellingemoderaten Lars Ingvar Ljungman. Efter g\u00e5rdagens &#8221;allvarliga samtal&#8221; med moderaternas partisekreterare Per Schlingmann s\u00e4ger Ljungman <a href=\"http:\/\/www.kvp.se\/nyheter\/1.1780237\/ljungman-upplaxad-av-partisekreterare-schlingmann\">i Expressen<\/a> i dag:<\/p>\n<p><strong>&#8211; Det viktiga nu<\/strong> \u00e4r att skapa trygghet och goda f\u00f6ruts\u00e4ttningar f\u00f6r dem som kommit nyanl\u00e4nda till H\u00f6k\u00f6pinge och dem som bor permanent i omr\u00e5det.<\/p>\n<p>Klokt. Har det kommit n\u00e5got gott ur de senaste dagarnas turbulens och ber\u00e4ttigade kritik mot Ljungman\u00a0s\u00e5 \u00e4r det att moderaterna som parti har st\u00e4rkts som ett solidariskt och humanistiskt parti. Det vill s\u00e4ga precis tv\u00e4rtemot vad partiets belackare skadeglatt har trumpetat ut i veckan.<\/p>\n","protected":false},"excerpt":{"rendered":"<p>Sj\u00e4lvklart har \u00e4ven en kommun som Vellinge r\u00e4tt att ha synpunkter p\u00e5 svensk flyktingpolitik. Ja, till och med att kritisera den. Men placeringen av ensamkommande flyktingbarn \u00e4r en s\u00e4llsynt illa vald fr\u00e5ga att anv\u00e4nda som slagtr\u00e4 i den debatten. Detta inser nu \u00e4ven Vellingemoderaten Lars Ingvar Ljungman. Efter g\u00e5rdagens &#8221;allvarliga samtal&#8221; med moderaternas partisekreterare Per&hellip;<\/p>\n<p class=\"more-link-p\"><a class=\"more-link\" href=\"https:\/\/www.mariaabrahamsson.nu\/index.php\/2009\/11\/15\/m-gar-starkta-ur-vellingeaffaren\/\">Read more &rarr;<\/a><\/p>\n","protected":false},"author":2,"featured_media":0,"comment_status":"closed","ping_status":"open","sticky":false,"template":"","format":"standard","meta":{"footnotes":""},"categories":[1],"tags":[],"class_list":["post-408","post","type-post","status-publish","format-standard","hentry","category-uncategorized"],"_links":{"self":[{"href":"https:\/\/www.mariaabrahamsson.nu\/index.php\/wp-json\/wp\/v2\/posts\/408","targetHints":{"allow":["GET"]}}],"collection":[{"href":"https:\/\/www.mariaabrahamsson.nu\/index.php\/wp-json\/wp\/v2\/posts"}],"about":[{"href":"https:\/\/www.mariaabrahamsson.nu\/index.php\/wp-json\/wp\/v2\/types\/post"}],"author":[{"embeddable":true,"href":"https:\/\/www.mariaabrahamsson.nu\/index.php\/wp-json\/wp\/v2\/users\/2"}],"replies":[{"embeddable":true,"href":"https:\/\/www.mariaabrahamsson.nu\/index.php\/wp-json\/wp\/v2\/comments?post=408"}],"version-history":[{"count":0,"href":"https:\/\/www.mariaabrahamsson.nu\/index.php\/wp-json\/wp\/v2\/posts\/408\/revisions"}],"wp:attachment":[{"href":"https:\/\/www.mariaabrahamsson.nu\/index.php\/wp-json\/wp\/v2\/media?parent=408"}],"wp:term":[{"taxonomy":"category","embeddable":true,"href":"https:\/\/www.mariaabrahamsson.nu\/index.php\/wp-json\/wp\/v2\/categories?post=408"},{"taxonomy":"post_tag","embeddable":true,"href":"https:\/\/www.mariaabrahamsson.nu\/index.php\/wp-json\/wp\/v2\/tags?post=408"}],"curies":[{"name":"wp","href":"https:\/\/api.w.org\/{rel}","templated":true}]}}