{"id":4063,"date":"2011-01-20T19:03:42","date_gmt":"2011-01-20T18:03:42","guid":{"rendered":"http:\/\/www.mariaabrahamsson.nu\/?p=4063"},"modified":"2011-01-20T22:38:30","modified_gmt":"2011-01-20T21:38:30","slug":"for-rattssakerheten-far-man-slass-mest-varje-dag","status":"publish","type":"post","link":"https:\/\/www.mariaabrahamsson.nu\/index.php\/2011\/01\/20\/for-rattssakerheten-far-man-slass-mest-varje-dag\/","title":{"rendered":"F\u00f6r r\u00e4ttss\u00e4kerheten f\u00e5r man sl\u00e5ss mest varje dag"},"content":{"rendered":"<p><a href=\"http:\/\/regeringen.se\/content\/1\/c6\/14\/89\/14\/aa20ff39.pdf\">M\u00e5lutredningen<\/a> l\u00e5ter lika fantasieggande\u00a0som bussh\u00e5llplats. Men den j\u00e4mf\u00f6relsen kunde inte\u00a0ha varit\u00a0mer fel.<\/p>\n<p><strong>L\u00e4s\u00a0vad\u00a0partikamraten<\/strong> <a href=\"http:\/\/www.riksdagen.se\/webbnav\/index.aspx?nid=1111&amp;iid=0718034011110\">Jessika Vilhelmsson <\/a>och\u00a0jag skriver i <a href=\"http:\/\/www.expressen.se\/debatt\/1.2297890\/maria-abrahamsson-och-jessika-vilhelmsson-rattssakerhet-a-la-osthyvel\">Expressen<\/a>, och ni inser\u00a0att\u00a0stora v\u00e4rden st\u00e5r p\u00e5 spel?!<\/p>\n<p>Medan ni funderar vidare p\u00e5 den saken \u00e4r det h\u00f6g\u00a0tid f\u00f6r mig att b\u00f6rja planera vad jag ska s\u00e4ga\u00a0f\u00f6r\u00a0klokheter\u00a0vid morgondagens seminarium p\u00e5 <a href=\"http:\/\/www.sccl.se\/\">Stockholm Center for Commercial Law<\/a>.<\/p>\n<p><strong>Smickrande v\u00e4rre, tillsammans<\/strong> med tunga jurister, rutinerat mediefolk och\u00a0forskare\u00a0ska jag\u00a0avhandla allt fr\u00e5n skyddet f\u00f6r privatlivet n\u00e4r det g\u00e4ller\u00a0h\u00e4lsa till den personliga integriteten, filmer och bilder samt\u00a0&#8211; lite tillspetsat &#8211;\u00a0allm\u00e4nintresset\u00a0av\u00a0att medier serverar\u00a0snaskigheter\u00a0om\u00a0privata f\u00f6rh\u00e5llanden i ljuset av den s\u00e5 kallade Littorinaff\u00e4ren.<\/p>\n<p>Vad g\u00e4ller den &#8221;skandalen&#8221;\u00a0har jag f\u00f6rresten inte \u00e4ndrat<a href=\"http:\/\/www.mariaabrahamsson.nu\/index.php\/2010\/07\/15\/lena-melin-kanske-redan-har-dragits-med-i-fallet\/\"> uppfattning <\/a>en millimeter\u00a0sedan i somras.\u00a0Det t\u00e5l att upprepas\u00a0i morgon.<\/p>\n","protected":false},"excerpt":{"rendered":"<p>M\u00e5lutredningen l\u00e5ter lika fantasieggande\u00a0som bussh\u00e5llplats. Men den j\u00e4mf\u00f6relsen kunde inte\u00a0ha varit\u00a0mer fel. L\u00e4s\u00a0vad\u00a0partikamraten Jessika Vilhelmsson och\u00a0jag skriver i Expressen, och ni inser\u00a0att\u00a0stora v\u00e4rden st\u00e5r p\u00e5 spel?! Medan ni funderar vidare p\u00e5 den saken \u00e4r det h\u00f6g\u00a0tid f\u00f6r mig att b\u00f6rja planera vad jag ska s\u00e4ga\u00a0f\u00f6r\u00a0klokheter\u00a0vid morgondagens seminarium p\u00e5 Stockholm Center for Commercial Law. Smickrande v\u00e4rre,&hellip;<\/p>\n<p class=\"more-link-p\"><a class=\"more-link\" href=\"https:\/\/www.mariaabrahamsson.nu\/index.php\/2011\/01\/20\/for-rattssakerheten-far-man-slass-mest-varje-dag\/\">Read more &rarr;<\/a><\/p>\n","protected":false},"author":2,"featured_media":0,"comment_status":"open","ping_status":"open","sticky":false,"template":"","format":"standard","meta":{"footnotes":""},"categories":[1],"tags":[],"class_list":["post-4063","post","type-post","status-publish","format-standard","hentry","category-uncategorized"],"_links":{"self":[{"href":"https:\/\/www.mariaabrahamsson.nu\/index.php\/wp-json\/wp\/v2\/posts\/4063","targetHints":{"allow":["GET"]}}],"collection":[{"href":"https:\/\/www.mariaabrahamsson.nu\/index.php\/wp-json\/wp\/v2\/posts"}],"about":[{"href":"https:\/\/www.mariaabrahamsson.nu\/index.php\/wp-json\/wp\/v2\/types\/post"}],"author":[{"embeddable":true,"href":"https:\/\/www.mariaabrahamsson.nu\/index.php\/wp-json\/wp\/v2\/users\/2"}],"replies":[{"embeddable":true,"href":"https:\/\/www.mariaabrahamsson.nu\/index.php\/wp-json\/wp\/v2\/comments?post=4063"}],"version-history":[{"count":0,"href":"https:\/\/www.mariaabrahamsson.nu\/index.php\/wp-json\/wp\/v2\/posts\/4063\/revisions"}],"wp:attachment":[{"href":"https:\/\/www.mariaabrahamsson.nu\/index.php\/wp-json\/wp\/v2\/media?parent=4063"}],"wp:term":[{"taxonomy":"category","embeddable":true,"href":"https:\/\/www.mariaabrahamsson.nu\/index.php\/wp-json\/wp\/v2\/categories?post=4063"},{"taxonomy":"post_tag","embeddable":true,"href":"https:\/\/www.mariaabrahamsson.nu\/index.php\/wp-json\/wp\/v2\/tags?post=4063"}],"curies":[{"name":"wp","href":"https:\/\/api.w.org\/{rel}","templated":true}]}}