{"id":4051,"date":"2011-01-18T00:29:44","date_gmt":"2011-01-17T23:29:44","guid":{"rendered":"http:\/\/www.mariaabrahamsson.nu\/?p=4051"},"modified":"2011-01-18T00:29:51","modified_gmt":"2011-01-17T23:29:51","slug":"en-hektisk-mandag-som-redan-har-overgatt-i-tisdag","status":"publish","type":"post","link":"https:\/\/www.mariaabrahamsson.nu\/index.php\/2011\/01\/18\/en-hektisk-mandag-som-redan-har-overgatt-i-tisdag\/","title":{"rendered":"En hektisk m\u00e5ndag som redan har \u00f6verg\u00e5tt i tisdag"},"content":{"rendered":"<p><strong>Fjorton (14) timmar <\/strong>har jag varit p\u00e5 riksdagen i dag. Det \u00e4r n\u00e4stan som i gamla tider d\u00e5 jag slavade som handl\u00e4ggare p\u00e5 M-kansliet. Men jag klagar inte, f\u00f6r jag har haft l\u00f6jligt kul hela dagen. M\u00f6jligen med undantag f\u00f6r momentet &#8221;utmaningen&#8221; som jag genomled under dagens fyspass, klockan 9.00! Tr\u00e4ningsv\u00e4rken i l\u00e5ren hade just b\u00f6rjat ge med sig efter fredagens fl\u00e5s i l\u00f6pmaskinen och diverse st\u00e4rkande \u00f6vningar f\u00f6r mag- och andra f\u00f6rsummade muskler. I kv\u00e4ll \u00f6mmar kroppsdelarna bekant igen, som en bekr\u00e4ftelse p\u00e5 att jag f\u00e5r valuta f\u00f6r tr\u00e4ningspengarna (mina egna, tro inte annat).<\/p>\n<p>I kv\u00e4ll f\u00f6rresten. Redan vid lunchtiden hade jag uppenbara problem att resa mig upp n\u00e4r jag och mitt s\u00e4llskap (en kvickt\u00e4nkt regeringstj\u00e4nsteman p\u00e5 ett av regeringens viktigaste departementet) br\u00f6t upp fr\u00e5n den aningen slamriga matsalen f\u00f6r att inta kaffe i det stillsammare riksdagscaf\u00e9t.<\/p>\n<p><strong>D\u00e4refter timsl\u00e5nga<\/strong> h\u00e4rliga intervjuer, f\u00f6rst med en journalist p\u00e5 den nykl\u00e4ckta tidskriften <a href=\"http:\/\/www.skurk.com\/?c=1\">Skurk<\/a> och d\u00e4refter med en forskare. Vi avhandla tv\u00e5 av mina favorit\u00e4mnen: slopandet av <a href=\"http:\/\/www.riksdagen.se\/webbnav\/index.aspx?nid=410&amp;dok_id=GY02Ju223\">n\u00e4mndemannasystemet <\/a>och <a href=\"http:\/\/www.riksdagen.se\/webbnav\/index.aspx?nid=410&amp;dok_id=GY02Ju225\">tv-s\u00e4nda r\u00e4tteg\u00e5ngar<\/a>.<\/p>\n<p>Ja, sen var det dags att ringa pappa och gratulera p\u00e5 70-\u00e5rsdagen, planera kommande \u00e5rsm\u00f6tesbes\u00f6k i M-f\u00f6reningar, kolla uppl\u00e4gget inf\u00f6r fredagens seminarium, b\u00f6rja skissa p\u00e5 den d\u00e4r artikeln i \u00e4n s\u00e5 l\u00e4nge hemligt \u00e4mne men som i princip \u00e4r lovad publicering i Expressen endera dagen. Och s\u00e5 vidare.<\/p>\n<p><strong>Denna vecka har jag<\/strong> ocks\u00e5 \u00e4ran att ta ansvaret f\u00f6r att det produceras moderata inl\u00e4gg till den nystartade civilkommitt\u00e9bloggen. Sj\u00e4lvklart var det ocks\u00e5 min ambition att f\u00e5 till n\u00e5got rafflande, men det satte artikelarbetet P f\u00f6r den h\u00e4r g\u00e5ngen&#8230;<\/p>\n<p>I st\u00e4llet hann\u00a0<a href=\"http:\/\/www.moderat.se\/web\/Magdalena_Andersson_Foretradare.aspx\">Magdalena Andersson<\/a>, min kommitt\u00e9ordf\u00f6rande,\u00a0<a href=\"http:\/\/moderatacivilkommitten.wordpress.com\/2011\/01\/17\/mandatperiodens-moderata-civilkommitte-ar-i-rymden\/\">f\u00f6re<\/a>. Tur var det. Jag f\u00e5r g\u00f6ra b\u00e4ttre ifr\u00e5n mig kommande dagar.<\/p>\n<p><a href=\"http:\/\/www.mariaabrahamsson.nu\/wp-content\/uploads\/2011\/01\/sn\u00f6ras1.jpeg\"><img loading=\"lazy\" decoding=\"async\" class=\"alignleft size-medium wp-image-4053\" title=\"sn\u00f6ras\" src=\"http:\/\/www.mariaabrahamsson.nu\/wp-content\/uploads\/2011\/01\/sn\u00f6ras1-300x225.jpg\" alt=\"\" width=\"300\" height=\"225\" srcset=\"https:\/\/www.mariaabrahamsson.nu\/wp-content\/uploads\/2011\/01\/sn\u00f6ras1-300x225.jpg 300w, https:\/\/www.mariaabrahamsson.nu\/wp-content\/uploads\/2011\/01\/sn\u00f6ras1.jpeg 640w\" sizes=\"auto, (max-width: 300px) 100vw, 300px\" \/><\/a><strong>Annars l\u00e4ngtar jag mest<\/strong> efter v\u00e5rens f\u00f6rsta dagsmeja. Det d\u00e4r fridfulla droppet, ljus\u00e5r fr\u00e5n de nedst\u00f6rtande isflak och sn\u00f6sjok som p\u00e5 grund av de senaste dagarnas v\u00e4rmechock gjort tillvaron livsfarlig f\u00f6r huvudstadens g\u00e5ngtrafikanter.<\/p>\n<p>P\u00e5 bilden h\u00e4rintill har fotografen p\u00e5passligt f\u00e5ngat ett sn\u00f6ras modell st\u00f6rre fr\u00e5n stugtaket.<\/p>\n","protected":false},"excerpt":{"rendered":"<p>Fjorton (14) timmar har jag varit p\u00e5 riksdagen i dag. Det \u00e4r n\u00e4stan som i gamla tider d\u00e5 jag slavade som handl\u00e4ggare p\u00e5 M-kansliet. Men jag klagar inte, f\u00f6r jag har haft l\u00f6jligt kul hela dagen. M\u00f6jligen med undantag f\u00f6r momentet &#8221;utmaningen&#8221; som jag genomled under dagens fyspass, klockan 9.00! Tr\u00e4ningsv\u00e4rken i l\u00e5ren hade just&hellip;<\/p>\n<p class=\"more-link-p\"><a class=\"more-link\" href=\"https:\/\/www.mariaabrahamsson.nu\/index.php\/2011\/01\/18\/en-hektisk-mandag-som-redan-har-overgatt-i-tisdag\/\">Read more &rarr;<\/a><\/p>\n","protected":false},"author":2,"featured_media":0,"comment_status":"open","ping_status":"open","sticky":false,"template":"","format":"standard","meta":{"footnotes":""},"categories":[1],"tags":[],"class_list":["post-4051","post","type-post","status-publish","format-standard","hentry","category-uncategorized"],"_links":{"self":[{"href":"https:\/\/www.mariaabrahamsson.nu\/index.php\/wp-json\/wp\/v2\/posts\/4051","targetHints":{"allow":["GET"]}}],"collection":[{"href":"https:\/\/www.mariaabrahamsson.nu\/index.php\/wp-json\/wp\/v2\/posts"}],"about":[{"href":"https:\/\/www.mariaabrahamsson.nu\/index.php\/wp-json\/wp\/v2\/types\/post"}],"author":[{"embeddable":true,"href":"https:\/\/www.mariaabrahamsson.nu\/index.php\/wp-json\/wp\/v2\/users\/2"}],"replies":[{"embeddable":true,"href":"https:\/\/www.mariaabrahamsson.nu\/index.php\/wp-json\/wp\/v2\/comments?post=4051"}],"version-history":[{"count":0,"href":"https:\/\/www.mariaabrahamsson.nu\/index.php\/wp-json\/wp\/v2\/posts\/4051\/revisions"}],"wp:attachment":[{"href":"https:\/\/www.mariaabrahamsson.nu\/index.php\/wp-json\/wp\/v2\/media?parent=4051"}],"wp:term":[{"taxonomy":"category","embeddable":true,"href":"https:\/\/www.mariaabrahamsson.nu\/index.php\/wp-json\/wp\/v2\/categories?post=4051"},{"taxonomy":"post_tag","embeddable":true,"href":"https:\/\/www.mariaabrahamsson.nu\/index.php\/wp-json\/wp\/v2\/tags?post=4051"}],"curies":[{"name":"wp","href":"https:\/\/api.w.org\/{rel}","templated":true}]}}