{"id":4045,"date":"2011-01-15T21:09:13","date_gmt":"2011-01-15T20:09:13","guid":{"rendered":"http:\/\/www.mariaabrahamsson.nu\/?p=4045"},"modified":"2011-01-15T21:13:39","modified_gmt":"2011-01-15T20:13:39","slug":"schyman-ohly-och-sjostedt-vad-sager-namnen-om-svensk-vanster","status":"publish","type":"post","link":"https:\/\/www.mariaabrahamsson.nu\/index.php\/2011\/01\/15\/schyman-ohly-och-sjostedt-vad-sager-namnen-om-svensk-vanster\/","title":{"rendered":"Schyman, Ohly och Sj\u00f6stedt &#8230;"},"content":{"rendered":"<p><strong>V\u00e4nsterpartiets inre liv <\/strong>\u00e4r normalt inget som upptar mina tankar. Men sj\u00e4lvfallet kan jag inte l\u00e5ta bli att spekulera i vem av Jonas Sj\u00f6stedt och Lars Ohly som f\u00e5r dra p\u00e5 sig ledartr\u00f6jan efter n\u00e4sta \u00e5rs V-kongress.<\/p>\n<p>Jag s\u00e4tter en slant p\u00e5 Sj\u00f6stedt, \u00e4ven om han till synes gillrat sin egen f\u00e4lla genom duml\u00f6ftet att bara st\u00e4lla upp ifall Ohly inte kandiderar f\u00f6r omval.\u00a0F\u00f6r,\u00a0som en v\u00e4nsterpartist sa h\u00e4romdagen, vad h\u00e4nder om<strong> <\/strong>partiet vill ha Jonas Sj\u00f6stedt som ordf\u00f6rande men Lars Ohly \u00e4nd\u00e5 st\u00e4ller upp?<\/p>\n<p><strong>Den forna v\u00e4nsterdrottningen<\/strong> Gudrun Schyman ger klarare besked. Med tre \u00e5r kvar till pension och fyra \u00e5r med ett hyfsat v\u00e4lbetalt politiskt uppdrag i kommunfullm\u00e4ktige p\u00e5 hemorten meddelar Schyman att hon inte st\u00e4ller upp till\u00a0<a href=\"http:\/\/feministisktinitiativ.se\/artiklar.php?show=1024\">omval<\/a> som talesperson f\u00f6r Feministiskt initiativ. Hon \u00e4r tr\u00f6tt p\u00e5 personfixeringen och vill ge plats f\u00f6r nya krafter.<\/p>\n<p>Hmm. Jag kan f\u00f6rst\u00e5 om Schyman efter m\u00e5nga \u00e5rs slit f\u00f6r f\u00f6rst V\u00e4nsterpartiet och sedan Fi vill trappa ner. Men tr\u00f6tt p\u00e5 personfixering? Vem har mer \u00e4n Gudrun Schyman \u00e4lskat att st\u00e5 i rampljuset och st\u00e4ndigt vara uppvaktad av medierna?<\/p>\n<p><strong>Fi skulle inte ha<\/strong> funnits utan intresset f\u00f6r hennes person och inte heller haussen f\u00f6r v\u00e4nstern p\u00e5 den tiden n\u00e4r man med r\u00e5ge var landets tredje st\u00f6rsta parti. Den personfixering som Schyman nu s\u00e4ger sig ogilla och vara tr\u00f6tt p\u00e5 har under alla \u00e5r varit hennes framg\u00e5ngskoncept och politiska metod. Vad Schyman rent konkret har \u00e5stadkommit f\u00f6r kvinnosaken \u00e4r d\u00e4remot oklart, annat \u00e4n att hon skickligt har satt sin pr\u00e4gel p\u00e5 den politiska j\u00e4mst\u00e4lldhetsretoriken. Numera idisslas k\u00f6nsmaktsordning, manliga maktstrukturer, kvinnlig underordning och annat v\u00e4nstertugg \u00e4ven av mina partikamrater.<\/p>\n<p>Schymans pengabr\u00e4nning\u00a0under f\u00f6rra sommarens politikervecka i <a href=\"http:\/\/www.mariaabrahamsson.nu\/index.php\/2010\/07\/12\/penningbranningen-rokte-nog-schyman\/\">Almedalen<\/a> gjorde henne k\u00e4nd ocks\u00e5 internationellt men slog samtidigt v\u00e5ldsamt tillbaka p\u00e5 hennes parti. Ja hela den feministiska r\u00f6relsen fick sig nog en kn\u00e4ck.<\/p>\n<p><strong>N\u00e4r l\u00e5gorna slukade sedlar<\/strong> f\u00f6r 100 000 kronor tyckte m\u00e5nga \u00e4ven inbitna feminister att hon hade g\u00e5tt ett steg f\u00f6r l\u00e5ngt. \u00c4ven jag s\u00e5g framf\u00f6r mig s\u00e5 m\u00e5nga nyttiga saker som kvinnor\u00f6relsen hade kunnat g\u00f6ra f\u00f6r de pengarna.<\/p>\n<p>Gudrun Schyman sj\u00e4lv kommer knappast att deppa om Fi g\u00e5r i graven samtidigt som hon sj\u00e4lv g\u00e5r i pension. Snarare skulle det bara g\u00f6ra henne sj\u00e4lv \u00e4nnu mer enast\u00e5ende i den mediala och politiska historieskrivningen. Det \u00e4r nog i det ljuset man ska se hennes annonserade avsked fr\u00e5n rikspolitiken. Om ni fr\u00e5gar mig.<\/p>\n","protected":false},"excerpt":{"rendered":"<p>V\u00e4nsterpartiets inre liv \u00e4r normalt inget som upptar mina tankar. Men sj\u00e4lvfallet kan jag inte l\u00e5ta bli att spekulera i vem av Jonas Sj\u00f6stedt och Lars Ohly som f\u00e5r dra p\u00e5 sig ledartr\u00f6jan efter n\u00e4sta \u00e5rs V-kongress. Jag s\u00e4tter en slant p\u00e5 Sj\u00f6stedt, \u00e4ven om han till synes gillrat sin egen f\u00e4lla genom duml\u00f6ftet att&hellip;<\/p>\n<p class=\"more-link-p\"><a class=\"more-link\" href=\"https:\/\/www.mariaabrahamsson.nu\/index.php\/2011\/01\/15\/schyman-ohly-och-sjostedt-vad-sager-namnen-om-svensk-vanster\/\">Read more &rarr;<\/a><\/p>\n","protected":false},"author":2,"featured_media":0,"comment_status":"open","ping_status":"open","sticky":false,"template":"","format":"standard","meta":{"footnotes":""},"categories":[1],"tags":[],"class_list":["post-4045","post","type-post","status-publish","format-standard","hentry","category-uncategorized"],"_links":{"self":[{"href":"https:\/\/www.mariaabrahamsson.nu\/index.php\/wp-json\/wp\/v2\/posts\/4045","targetHints":{"allow":["GET"]}}],"collection":[{"href":"https:\/\/www.mariaabrahamsson.nu\/index.php\/wp-json\/wp\/v2\/posts"}],"about":[{"href":"https:\/\/www.mariaabrahamsson.nu\/index.php\/wp-json\/wp\/v2\/types\/post"}],"author":[{"embeddable":true,"href":"https:\/\/www.mariaabrahamsson.nu\/index.php\/wp-json\/wp\/v2\/users\/2"}],"replies":[{"embeddable":true,"href":"https:\/\/www.mariaabrahamsson.nu\/index.php\/wp-json\/wp\/v2\/comments?post=4045"}],"version-history":[{"count":0,"href":"https:\/\/www.mariaabrahamsson.nu\/index.php\/wp-json\/wp\/v2\/posts\/4045\/revisions"}],"wp:attachment":[{"href":"https:\/\/www.mariaabrahamsson.nu\/index.php\/wp-json\/wp\/v2\/media?parent=4045"}],"wp:term":[{"taxonomy":"category","embeddable":true,"href":"https:\/\/www.mariaabrahamsson.nu\/index.php\/wp-json\/wp\/v2\/categories?post=4045"},{"taxonomy":"post_tag","embeddable":true,"href":"https:\/\/www.mariaabrahamsson.nu\/index.php\/wp-json\/wp\/v2\/tags?post=4045"}],"curies":[{"name":"wp","href":"https:\/\/api.w.org\/{rel}","templated":true}]}}