{"id":4000,"date":"2010-12-30T17:48:44","date_gmt":"2010-12-30T16:48:44","guid":{"rendered":"http:\/\/www.mariaabrahamsson.nu\/?p=4000"},"modified":"2010-12-30T18:01:20","modified_gmt":"2010-12-30T17:01:20","slug":"aldrig-sa-valdsamma-terrorplaner-far-inte-tysta-yttrandefriheten","status":"publish","type":"post","link":"https:\/\/www.mariaabrahamsson.nu\/index.php\/2010\/12\/30\/aldrig-sa-valdsamma-terrorplaner-far-inte-tysta-yttrandefriheten\/","title":{"rendered":"Inte ens terrorplaner f\u00e5r tysta r\u00e4tten att provocera"},"content":{"rendered":"<p><strong>\u00c4ven i den v\u00e4rml\u00e4ndska granskogen<\/strong> har nyheten n\u00e5tt fram om h\u00e4ktade misst\u00e4nkta terrorister. De gripna f\u00f6rnekar s\u00e5 klart att de planerade att beg\u00e5 terroristbrott mot <a href=\"http:\/\/www.expressen.se\/nyheter\/1.2272117\/sa-skulle-de-sla-till-mot-jyllands-postens-redaktion\">Jyllands-Postens redaktion<\/a>.<\/p>\n<p>De flesta minns nog att den islamistiska vreden tog fart n\u00e4r tidningen publicerade Kurt\u00a0<a href=\"http:\/\/www.aftonbladet.se\/nyheter\/article8345642.ab\">Westergaards Muhammedteckningar<\/a>. Men Jyllands-Posten stod upp f\u00f6r yttrandefriheten. Det gjorde \u00e4ven <a href=\"http:\/\/na.se\/nyheter\/orebro\/1.1052765--ingen-hotbild-mot-nerikes-allehanda-\">Nerikes Allehanda<\/a> n\u00e4r man publicerade konstn\u00e4ren\u00a0<a href=\"http:\/\/sv.wikipedia.org\/wiki\/Lars_Vilks_Muhammedteckningar\">Lars Vilks vanv\u00f6rdiga rondellhundar<\/a> f\u00f6rest\u00e4llande samma profet.<\/p>\n<p><strong>Nej, det uppskattades inte <\/strong>av alla, milt sagt. Men \u00e4ven profeter och <a href=\"http:\/\/www.tidenstecken.se\/kkbirgit2.htm\">profetissor <\/a>m\u00e5ste i ett profant och \u00e5siktstolerant land t\u00e5la att avportr\u00e4tteras om \u00e4n syftet bara \u00e4r att provocera. I detta fall en on\u00f6dig och s\u00e5rande provokation enligt m\u00e5nga. Visst, men yttrandefriheten \u00e4r s\u00e5 viktig att ocks\u00e5 s\u00e5dant m\u00e5ste vara till\u00e5tet. Om det har jag skrivit <a href=\"http:\/\/www.mariaabrahamsson.nu\/index.php\/2010\/05\/22\/hade-onskat-att-ask-varit-tydligare\/\">h\u00e4r<\/a>.<\/p>\n<p>F\u00f6r tillf\u00e4llet finns inte s\u00e5 mycket att s\u00e4ga om det intr\u00e4ffade polisingripandet mot misst\u00e4nkta terrorister mer \u00e4n att s\u00e4kerhetspolisen i Danmark och Sverige verkar ha gjort ett styvt jobb. Vapenbeslag och annat tyder p\u00e5 att de gripna den h\u00e4r g\u00e5ngen inte \u00e4r lika oskyldiga som i G\u00f6teborg <a href=\"http:\/\/www.expressen.se\/nyheter\/1.2211662\/experten-sagar-sapo-efter-terror-larmet-i-goteborg\">h\u00e4rf\u00f6rleden.<\/a><\/p>\n<p><a href=\"http:\/\/www.mariaabrahamsson.nu\/wp-content\/uploads\/2010\/12\/radionp\u00e5locket.jpeg\"><img loading=\"lazy\" decoding=\"async\" class=\"alignright size-medium wp-image-4001\" title=\"radionp\u00e5locket\" src=\"http:\/\/www.mariaabrahamsson.nu\/wp-content\/uploads\/2010\/12\/radionp\u00e5locket-300x225.jpg\" alt=\"\" width=\"300\" height=\"225\" srcset=\"https:\/\/www.mariaabrahamsson.nu\/wp-content\/uploads\/2010\/12\/radionp\u00e5locket-300x225.jpg 300w, https:\/\/www.mariaabrahamsson.nu\/wp-content\/uploads\/2010\/12\/radionp\u00e5locket.jpeg 640w\" sizes=\"auto, (max-width: 300px) 100vw, 300px\" \/><\/a> Men allt \u00e4r inte storpolitik, konstaterade jag i eftermiddags under en paus p\u00e5 hemlighuset.<\/p>\n<p><strong>F\u00f6r har ni sett<\/strong>, radion som normalt ser till att bes\u00f6karen inte missar en <a href=\"http:\/\/sverigesradio.se\/nyheter\/\">ekos\u00e4ndning<\/a> ens p\u00e5 dasset, den lilla manicken har frusit fast i &#8211; just det &#8211; locket!<\/p>\n<p>P\u00e5 tal om utedass &#8211; docenten Johan Tralau skriver tankev\u00e4ckande om den d\u00e4r\u00a0<a href=\"http:\/\/www.svensktidskrift.se\/?p=19194\">tunnan<\/a> i <a href=\"http:\/\/www.svensktidskrift.se\/?p=19276\">Svensk Tidskrift<\/a>.<\/p>\n","protected":false},"excerpt":{"rendered":"<p>\u00c4ven i den v\u00e4rml\u00e4ndska granskogen har nyheten n\u00e5tt fram om h\u00e4ktade misst\u00e4nkta terrorister. De gripna f\u00f6rnekar s\u00e5 klart att de planerade att beg\u00e5 terroristbrott mot Jyllands-Postens redaktion. De flesta minns nog att den islamistiska vreden tog fart n\u00e4r tidningen publicerade Kurt\u00a0Westergaards Muhammedteckningar. Men Jyllands-Posten stod upp f\u00f6r yttrandefriheten. Det gjorde \u00e4ven Nerikes Allehanda n\u00e4r man&hellip;<\/p>\n<p class=\"more-link-p\"><a class=\"more-link\" href=\"https:\/\/www.mariaabrahamsson.nu\/index.php\/2010\/12\/30\/aldrig-sa-valdsamma-terrorplaner-far-inte-tysta-yttrandefriheten\/\">Read more &rarr;<\/a><\/p>\n","protected":false},"author":2,"featured_media":0,"comment_status":"open","ping_status":"open","sticky":false,"template":"","format":"standard","meta":{"footnotes":""},"categories":[1],"tags":[],"class_list":["post-4000","post","type-post","status-publish","format-standard","hentry","category-uncategorized"],"_links":{"self":[{"href":"https:\/\/www.mariaabrahamsson.nu\/index.php\/wp-json\/wp\/v2\/posts\/4000","targetHints":{"allow":["GET"]}}],"collection":[{"href":"https:\/\/www.mariaabrahamsson.nu\/index.php\/wp-json\/wp\/v2\/posts"}],"about":[{"href":"https:\/\/www.mariaabrahamsson.nu\/index.php\/wp-json\/wp\/v2\/types\/post"}],"author":[{"embeddable":true,"href":"https:\/\/www.mariaabrahamsson.nu\/index.php\/wp-json\/wp\/v2\/users\/2"}],"replies":[{"embeddable":true,"href":"https:\/\/www.mariaabrahamsson.nu\/index.php\/wp-json\/wp\/v2\/comments?post=4000"}],"version-history":[{"count":0,"href":"https:\/\/www.mariaabrahamsson.nu\/index.php\/wp-json\/wp\/v2\/posts\/4000\/revisions"}],"wp:attachment":[{"href":"https:\/\/www.mariaabrahamsson.nu\/index.php\/wp-json\/wp\/v2\/media?parent=4000"}],"wp:term":[{"taxonomy":"category","embeddable":true,"href":"https:\/\/www.mariaabrahamsson.nu\/index.php\/wp-json\/wp\/v2\/categories?post=4000"},{"taxonomy":"post_tag","embeddable":true,"href":"https:\/\/www.mariaabrahamsson.nu\/index.php\/wp-json\/wp\/v2\/tags?post=4000"}],"curies":[{"name":"wp","href":"https:\/\/api.w.org\/{rel}","templated":true}]}}