{"id":3988,"date":"2010-12-29T18:12:32","date_gmt":"2010-12-29T17:12:32","guid":{"rendered":"http:\/\/www.mariaabrahamsson.nu\/?p=3988"},"modified":"2010-12-29T18:27:51","modified_gmt":"2010-12-29T17:27:51","slug":"jag-gillar-sofia-arkelsten-men","status":"publish","type":"post","link":"https:\/\/www.mariaabrahamsson.nu\/index.php\/2010\/12\/29\/jag-gillar-sofia-arkelsten-men\/","title":{"rendered":"Jag gillar som sagt Sofia Arkelsten, men&#8230;"},"content":{"rendered":"<p><strong>Kinderna gl\u00f6der fortfarande <\/strong>r\u00f6da efter dagens promenad i minus 17 grader till den som v\u00e4ntat tomma brevl\u00e5dan.<\/p>\n<p><a href=\"http:\/\/www.mariaabrahamsson.nu\/wp-content\/uploads\/2010\/12\/julbrevl\u00e5da2.jpeg\"><img loading=\"lazy\" decoding=\"async\" class=\"alignleft size-medium wp-image-3992\" title=\"julbrevl\u00e5da\" src=\"http:\/\/www.mariaabrahamsson.nu\/wp-content\/uploads\/2010\/12\/julbrevl\u00e5da2-300x225.jpg\" alt=\"\" width=\"300\" height=\"225\" srcset=\"https:\/\/www.mariaabrahamsson.nu\/wp-content\/uploads\/2010\/12\/julbrevl\u00e5da2-300x225.jpg 300w, https:\/\/www.mariaabrahamsson.nu\/wp-content\/uploads\/2010\/12\/julbrevl\u00e5da2.jpeg 640w\" sizes=\"auto, (max-width: 300px) 100vw, 300px\" \/><\/a>V\u00e5r \u00e4r den limegr\u00f6na till h\u00f6ger, den har tidigare tj\u00e4nstgjort som fr\u00f6automat \u00e5t sm\u00e5f\u00e5glarna!<\/p>\n<p><strong>Eftersom jag vaknade f\u00f6rst<\/strong> vid 8-tiden missade jag partisekreterarens insats i<a href=\"http:\/\/sverigesradio.se\/sida\/artikel.aspx?programid=1650&amp;artikel=4264231&amp;play=2819424&amp;playtype=Ljudklipp\"> P1 Morgon<\/a>. Men det tog jag igen under marschen till brevl\u00e5dan (7,5 km tur och retur, bara s\u00e5 att ni vet).<\/p>\n<p><strong>Jag vet inte,<\/strong> men gissningsvis har Sofia Arkelsten drillats ganska ordentligt av sina medarbetare inf\u00f6r P1:s morgongrillning. I s\u00e5 fall \u00e4r det bara att konstatera att det inte hj\u00e4lpte.<\/p>\n<p>Hon l\u00e5g flera sn\u00e4pp under sin normala standard och gjorde tidvis ett n\u00e4rmast zombieliknande intryck.<\/p>\n<p>F\u00f6r nog borde Sofia\u00a0ha kunnat s\u00e4ga att det var jobbigt att bli utsatt f\u00f6r mediedrevet som uppstod med anledning av hennes Shellresa?\u00a0Ja, \u00e4ven om det inte var fel i sak att l\u00e5ta arrang\u00f6rerna betala resan.<\/p>\n<p><strong>Och visst\u00a0g\u00f6r Alliansen<\/strong> (l\u00e4s Moderaterna) livet knepigt f\u00f6r Kristdemokraterna som enligt senaste opinionsm\u00e4tningen inte f\u00e5r st\u00f6d av mer \u00e4n 2,8 procent.<\/p>\n<p>Men i st\u00e4llet f\u00f6r att konstatera det sj\u00e4lvklara, n\u00e4mligen att\u00a0KD \u00f6verlevde \u00e4ven detta val p\u00e5 grund av 10 000-tals st\u00f6dr\u00f6ster fr\u00e5n fr\u00e4mst M-sympatis\u00f6rer,\u00a0trasslar Arkelsten in sig i ett sv\u00e5rbegripligt resonemang om att \u00e4ven KD har vunnit p\u00e5 Allianssamarbetet. N\u00e4r hon i likhet med alla andra politiskt intresserade i grund och botten vet att om\u00a0KD ska g\u00e5 en ny v\u00e5r till m\u00f6tes s\u00e5 h\u00e4nger det p\u00e5 partiet sj\u00e4lvt, inte p\u00e5 Moderaterna.<\/p>\n<p><strong>P\u00e5 fler \u00e4n ett s\u00e4tt<\/strong> \u00e4r Sofia Arkelsten en v\u00e4rdig eftertr\u00e4dare till Per Schlingmann. Gemensamt har de kunnandet och ett stor engagemang. Men de hemfaller alltf\u00f6r ofta \u00e5t ett \u00f6vertaktiserande och ett fikonspr\u00e5k om partiets utvecklingsarbete och framtidsfr\u00e5gor, som jag tror g\u00e5r l\u00e5ngt \u00f6ver v\u00e4ljarnas fattningsf\u00f6rm\u00e5ga. Ja, \u00e4ven min, f\u00f6r ofta f\u00f6rst\u00e5r inte ens jag vad som menas.<\/p>\n<p>Nej, jag har s\u00e5 klart inte blivit inbjuden att delta i diskussionerna om partiets framtid- och utvecklingsarbete.<\/p>\n<p><a href=\"http:\/\/www.mariaabrahamsson.nu\/wp-content\/uploads\/2010\/12\/julgl\u00f6d.jpeg\"><img loading=\"lazy\" decoding=\"async\" class=\"alignright size-medium wp-image-3991\" title=\"julgl\u00f6d\" src=\"http:\/\/www.mariaabrahamsson.nu\/wp-content\/uploads\/2010\/12\/julgl\u00f6d-300x225.jpg\" alt=\"\" width=\"300\" height=\"225\" srcset=\"https:\/\/www.mariaabrahamsson.nu\/wp-content\/uploads\/2010\/12\/julgl\u00f6d-300x225.jpg 300w, https:\/\/www.mariaabrahamsson.nu\/wp-content\/uploads\/2010\/12\/julgl\u00f6d.jpeg 640w\" sizes=\"auto, (max-width: 300px) 100vw, 300px\" \/><\/a>Och nu infinner sig stunden: Ska jag v\u00e5ga publicera det h\u00e4r partikritiska inl\u00e4gget eller inte?<\/p>\n<p><strong>Jo, jag g\u00f6r det<\/strong>. I skydd av k\u00f6ld, m\u00f6rker, stillast\u00e5ende t\u00e5g och v\u00e4rmande ljus v\u00e5gar man n\u00e4stan vad som helst.<\/p>\n","protected":false},"excerpt":{"rendered":"<p>Kinderna gl\u00f6der fortfarande r\u00f6da efter dagens promenad i minus 17 grader till den som v\u00e4ntat tomma brevl\u00e5dan. V\u00e5r \u00e4r den limegr\u00f6na till h\u00f6ger, den har tidigare tj\u00e4nstgjort som fr\u00f6automat \u00e5t sm\u00e5f\u00e5glarna! Eftersom jag vaknade f\u00f6rst vid 8-tiden missade jag partisekreterarens insats i P1 Morgon. Men det tog jag igen under marschen till brevl\u00e5dan (7,5 km&hellip;<\/p>\n<p class=\"more-link-p\"><a class=\"more-link\" href=\"https:\/\/www.mariaabrahamsson.nu\/index.php\/2010\/12\/29\/jag-gillar-sofia-arkelsten-men\/\">Read more &rarr;<\/a><\/p>\n","protected":false},"author":2,"featured_media":0,"comment_status":"open","ping_status":"open","sticky":false,"template":"","format":"standard","meta":{"footnotes":""},"categories":[1],"tags":[],"class_list":["post-3988","post","type-post","status-publish","format-standard","hentry","category-uncategorized"],"_links":{"self":[{"href":"https:\/\/www.mariaabrahamsson.nu\/index.php\/wp-json\/wp\/v2\/posts\/3988","targetHints":{"allow":["GET"]}}],"collection":[{"href":"https:\/\/www.mariaabrahamsson.nu\/index.php\/wp-json\/wp\/v2\/posts"}],"about":[{"href":"https:\/\/www.mariaabrahamsson.nu\/index.php\/wp-json\/wp\/v2\/types\/post"}],"author":[{"embeddable":true,"href":"https:\/\/www.mariaabrahamsson.nu\/index.php\/wp-json\/wp\/v2\/users\/2"}],"replies":[{"embeddable":true,"href":"https:\/\/www.mariaabrahamsson.nu\/index.php\/wp-json\/wp\/v2\/comments?post=3988"}],"version-history":[{"count":0,"href":"https:\/\/www.mariaabrahamsson.nu\/index.php\/wp-json\/wp\/v2\/posts\/3988\/revisions"}],"wp:attachment":[{"href":"https:\/\/www.mariaabrahamsson.nu\/index.php\/wp-json\/wp\/v2\/media?parent=3988"}],"wp:term":[{"taxonomy":"category","embeddable":true,"href":"https:\/\/www.mariaabrahamsson.nu\/index.php\/wp-json\/wp\/v2\/categories?post=3988"},{"taxonomy":"post_tag","embeddable":true,"href":"https:\/\/www.mariaabrahamsson.nu\/index.php\/wp-json\/wp\/v2\/tags?post=3988"}],"curies":[{"name":"wp","href":"https:\/\/api.w.org\/{rel}","templated":true}]}}