{"id":392,"date":"2009-11-13T15:13:57","date_gmt":"2009-11-13T14:13:57","guid":{"rendered":"http:\/\/www.mariaabrahamsson.nu\/?p=392"},"modified":"2020-11-01T11:18:33","modified_gmt":"2020-11-01T10:18:33","slug":"lambertz-var-aningen-omdomeslos-ocksa","status":"publish","type":"post","link":"https:\/\/www.mariaabrahamsson.nu\/index.php\/2009\/11\/13\/lambertz-var-aningen-omdomeslos-ocksa\/","title":{"rendered":"Lambertz var ocks\u00e5 aningen omd\u00f6mesl\u00f6s"},"content":{"rendered":"<p><strong><strong>Or\u00e4dd, debattlysten och medieglad<\/strong> <\/strong>har varit hans<strong> <a href=\"http:\/\/www.infotorgjuridik.se\/premium\/mittijuridiken\/reportage\/article137521.ece\">signum som JK.<\/a> <span style=\"font-weight: normal;\"><strong><span style=\"font-weight: normal;\">Men i dag skriver Justitiekansler G\u00f6ran Lambertz <\/span><\/strong>sitt <a href=\"http:\/\/www.dn.se\/opinion\/debatt\/ny-lag-behovs-for-att-starka-rattssakerheten-1.993411\">testamente<\/a>.<\/span><\/strong><\/p>\n<p>Genom en\u00a0<a href=\"http:\/\/www.jk.se\/arkiv\/Rapport.pdf\">andra rapport<\/a> om r\u00e4ttss\u00e4kerhetsbrister i v\u00e5ra domstolar knyter Lambertz ihop sin JK-g\u00e4rning i r\u00e4ttss\u00e4kerhetens tj\u00e4nst.\u00a0Han har retat gallfeber p\u00e5 <a href=\"http:\/\/www.dn.se\/nyheter\/sverige\/polisfacket-regeringen-borde-saga-ifran-1.785219\">polisfacket<\/a> och\u00a0<a href=\"http:\/\/www.dn.se\/opinion\/debatt\/jk-ar-inte-serios-1.626464\">domark\u00e5ren<\/a> genom sl\u00e4ngiga men icke desto mindre korrekta p\u00e5pekanden om ljugande poliser och domares bristf\u00e4lliga kunskaper i bevisv\u00e4rderingens h\u00f6gre skola. F\u00f6r att inte tala om JK:s ruggiga avsl\u00f6janden om m\u00e4nniskor som har blivit\u00a0<a href=\"http:\/\/www.svd.se\/opinion\/ledarsidan\/artikel_327094.svd\">felaktigt d\u00f6mda<\/a>.<\/p>\n<p><strong>Som JK har G\u00f6ran<\/strong> Lambertz ocks\u00e5 varit uppfriskande vass och tydlig i kritiken mot regeringens <a href=\"http:\/\/www.svd.se\/opinion\/ledarsidan\/artikel_2568185.svd\">FRA-lagstiftning<\/a>. Bland annat har han &#8211; i likhet med ordf\u00f6randen i S\u00e4kerhets- och integritetsskyddsn\u00e4mnden Anders Eriksson, som i g\u00e5r fick sparken av regeringen &#8211; d\u00f6mt ut regeringens hemmasnickrade l\u00f6sning att l\u00e5ta en s\u00e5 kallad domstolsliknande n\u00e4mnd besluta om signalspaningstillst\u00e5nd. Beslut som inte ska f\u00e5 \u00f6verklagas, fattade av en domare som regeringen har valt ut. Hur oberoende och r\u00e4ttss\u00e4kert l\u00e5ter det?<\/p>\n<p><strong>P\u00e5 Lambertz minuskonto<\/strong> st\u00e5r bland annat hans aff\u00e4r med <a href=\"\/\/http:\/\/www.resume.se\/nyheter\/2007\/09\/26\/jk\/\">Trond Sefastsson<\/a>.\u00a0Som JK engagerade Lambertz sig i den livstidsd\u00f6mde Veija Borgs fall. Borg lyckades \u00f6vertyga Lambertz om att han var oskyldigt d\u00f6md. H\u00f6gsta domstolen avslog Borgs resningsans\u00f6kan. En ans\u00f6kan som Lambertz hade f\u00f6rfattat efter att ha blivit uppvaktad av TV4:s hyllade reporter Sefastsson.\u00a0Deras inbokade segermiddagen fick st\u00e4llas in. \u00c4nd\u00e5 menar JK <a href=\"http:\/\/www.realtid.se\/ArticlePages\/200910\/08\/20091008150834_Realtid771\/20091008150834_Realtid771.dbp.asp\">alltj\u00e4mt <\/a>att han och Sefastsson hade r\u00e4tt och att Riks\u00e5klagaren och HD ingenting begrep.<\/p>\n<p><strong>Nu p\u00e5 m\u00e5ndag<\/strong> g\u00f6r G\u00f6ran Lambertz sin f\u00f6rsta dag som justitier\u00e5d i H\u00f6gsta domstolen. <a href=\"http:\/\/www.journalisten.se\/artikel\/20263\/raettegang-mot-trond-sefastsson-inleds-i-november\">Samma dag<\/a> inleds f\u00f6rhandlingarna i Svea hovr\u00e4tt mot den i fjol mut- och bokf\u00f6ringsbrottsd\u00f6mde Trond Sefastsson. Om tingsr\u00e4ttens f\u00e4llande dom st\u00e5r sig i hovr\u00e4tten skulle det inte f\u00f6rv\u00e5na om Sefastsson \u00f6verklagar till HD. Om HD d\u00e5 meddelar pr\u00f6vningstillst\u00e5nd kan det sj\u00e4lvklart inte komma p\u00e5 fr\u00e5ga att G\u00f6ran Lambertz deltar i beslutet.<\/p>\n<p><strong>Men \u00e4nd\u00e5, helt<\/strong> bekv\u00e4mt k\u00e4nns inte det h\u00e4r scenariot.<\/p>\n<p><tt><span style=\"font-size: x-small;\"><br \/>\n<span style=\"font-family: Arial, 'Times New Roman', 'Bitstream Charter', Times, serif;\"><span style=\"font-family: monospace, 'Times New Roman', 'Bitstream Charter', Times, serif;\"><br \/>\n<\/span><\/span><\/span><\/tt><\/p>\n<p><span style=\"font-family: Arial, 'Times New Roman', 'Bitstream Charter', Times, serif;\"><span style=\"font-size: x-small;\"><br \/>\n<\/span><\/span><\/p>\n","protected":false},"excerpt":{"rendered":"<p>Or\u00e4dd, debattlysten och medieglad har varit hans signum som JK. Men i dag skriver Justitiekansler G\u00f6ran Lambertz sitt testamente. Genom en\u00a0andra rapport om r\u00e4ttss\u00e4kerhetsbrister i v\u00e5ra domstolar knyter Lambertz ihop sin JK-g\u00e4rning i r\u00e4ttss\u00e4kerhetens tj\u00e4nst.\u00a0Han har retat gallfeber p\u00e5 polisfacket och\u00a0domark\u00e5ren genom sl\u00e4ngiga men icke desto mindre korrekta p\u00e5pekanden om ljugande poliser och domares bristf\u00e4lliga&hellip;<\/p>\n<p class=\"more-link-p\"><a class=\"more-link\" href=\"https:\/\/www.mariaabrahamsson.nu\/index.php\/2009\/11\/13\/lambertz-var-aningen-omdomeslos-ocksa\/\">Read more &rarr;<\/a><\/p>\n","protected":false},"author":2,"featured_media":0,"comment_status":"closed","ping_status":"open","sticky":false,"template":"","format":"standard","meta":{"footnotes":""},"categories":[1],"tags":[242],"class_list":["post-392","post","type-post","status-publish","format-standard","hentry","category-uncategorized","tag-lambertz"],"_links":{"self":[{"href":"https:\/\/www.mariaabrahamsson.nu\/index.php\/wp-json\/wp\/v2\/posts\/392","targetHints":{"allow":["GET"]}}],"collection":[{"href":"https:\/\/www.mariaabrahamsson.nu\/index.php\/wp-json\/wp\/v2\/posts"}],"about":[{"href":"https:\/\/www.mariaabrahamsson.nu\/index.php\/wp-json\/wp\/v2\/types\/post"}],"author":[{"embeddable":true,"href":"https:\/\/www.mariaabrahamsson.nu\/index.php\/wp-json\/wp\/v2\/users\/2"}],"replies":[{"embeddable":true,"href":"https:\/\/www.mariaabrahamsson.nu\/index.php\/wp-json\/wp\/v2\/comments?post=392"}],"version-history":[{"count":1,"href":"https:\/\/www.mariaabrahamsson.nu\/index.php\/wp-json\/wp\/v2\/posts\/392\/revisions"}],"predecessor-version":[{"id":13542,"href":"https:\/\/www.mariaabrahamsson.nu\/index.php\/wp-json\/wp\/v2\/posts\/392\/revisions\/13542"}],"wp:attachment":[{"href":"https:\/\/www.mariaabrahamsson.nu\/index.php\/wp-json\/wp\/v2\/media?parent=392"}],"wp:term":[{"taxonomy":"category","embeddable":true,"href":"https:\/\/www.mariaabrahamsson.nu\/index.php\/wp-json\/wp\/v2\/categories?post=392"},{"taxonomy":"post_tag","embeddable":true,"href":"https:\/\/www.mariaabrahamsson.nu\/index.php\/wp-json\/wp\/v2\/tags?post=392"}],"curies":[{"name":"wp","href":"https:\/\/api.w.org\/{rel}","templated":true}]}}