{"id":3881,"date":"2010-12-10T16:09:59","date_gmt":"2010-12-10T15:09:59","guid":{"rendered":"http:\/\/www.mariaabrahamsson.nu\/?p=3881"},"modified":"2010-12-10T21:22:48","modified_gmt":"2010-12-10T20:22:48","slug":"arga-sossar-och-kanske-en-och-annan-moderat","status":"publish","type":"post","link":"https:\/\/www.mariaabrahamsson.nu\/index.php\/2010\/12\/10\/arga-sossar-och-kanske-en-och-annan-moderat\/","title":{"rendered":"Arga sossar&#8230;liksom kanske en och annan moderat?"},"content":{"rendered":"<p><strong>J\u00f6sses vad pyngel<\/strong> Mona Sahlin f\u00e5r\u00a0i <a href=\"http:\/\/lotidningen.lo.se\/\">LO Tidningen<\/a> efter f\u00f6rra helgens <a href=\"http:\/\/www.socialdemokraterna.se\/Mona-Sahlin\/Tal\/2010\/Tal-vid-fortroenderadet\/\">klarspr\u00e5k<\/a>.<\/p>\n<p>En\u00a0N\u00e4svall i Boden fr\u00e4ser: &#8221;S\u00e5 varf\u00f6r inte f\u00f6r omv\u00e4xlings skull v\u00e4lja en partiledare som \u00e4r socialdemokrat?&#8221;\u00a0Han\u00a0svarar sj\u00e4lv (arga m\u00e4nniskor\u00a0har en tendens att g\u00f6ra\u00a0det): &#8221;I s\u00e5 fall \u00e4r Lena Sommestad en sv\u00e5rslagen kandidat.&#8221;<\/p>\n<p><strong>En gr\u00e4srot\u00a0titulerar <\/strong>sig arbetare och\u00a0fackligt aktiv och undrar uppgivet\u00a0<a href=\"http:\/\/www.youtube.com\/watch?v=zKv-ezTGv1Y\">&#8221;vem ska man tro p\u00e5, tro p\u00e5&#8230;?&#8221;<\/a> Enligt honom\u00a0har Sahlin\u00a0br\u00e4nt sina\u00a0skepp.<\/p>\n<p>Och missa f\u00f6r allt i v\u00e4rlden inte<a href=\"http:\/\/www.ljunggren.com\/\"> Stig-Bj\u00f6rn Ljunggrens <\/a>v\u00e4lriktade bredsida mot\u00a0Socialdemokraternas och LO:s sedan l\u00e4nge \u00f6verst\u00e5ndna\u00a0<a href=\"http:\/\/lotidningen.se\/2010\/12\/10\/%E2%80%9Dgarna-samverkan-%E2%80%93%E2%80%89men-med-hjarna%E2%80%9D\/\">samverkan. <\/a><\/p>\n<p><strong>N\u00e4r jag\u00a0\u00e4nd\u00e5\u00a0h\u00e5ller<\/strong> p\u00e5 &#8211;\u00a0<a href=\"http:\/\/magasinetneo.se\/2010\/12\/10\/ur-neo-nr-6-%E2%80%93-2010-en-fritankare-i-riksdagen\/\">h\u00e4r<\/a> \u00e4r ett l\u00e4stips till.\u00a0Jepp, det\u00a0handlar om mig.<\/p>\n<p>Om jag har st\u00e4ngt av mobilerna och f\u00e4llt\u00a0persiennerna?\u00a0Nej,\u00a0borde\u00a0jag g\u00f6ra det?!<\/p>\n","protected":false},"excerpt":{"rendered":"<p>J\u00f6sses vad pyngel Mona Sahlin f\u00e5r\u00a0i LO Tidningen efter f\u00f6rra helgens klarspr\u00e5k. En\u00a0N\u00e4svall i Boden fr\u00e4ser: &#8221;S\u00e5 varf\u00f6r inte f\u00f6r omv\u00e4xlings skull v\u00e4lja en partiledare som \u00e4r socialdemokrat?&#8221;\u00a0Han\u00a0svarar sj\u00e4lv (arga m\u00e4nniskor\u00a0har en tendens att g\u00f6ra\u00a0det): &#8221;I s\u00e5 fall \u00e4r Lena Sommestad en sv\u00e5rslagen kandidat.&#8221; En gr\u00e4srot\u00a0titulerar sig arbetare och\u00a0fackligt aktiv och undrar uppgivet\u00a0&#8221;vem ska man&hellip;<\/p>\n<p class=\"more-link-p\"><a class=\"more-link\" href=\"https:\/\/www.mariaabrahamsson.nu\/index.php\/2010\/12\/10\/arga-sossar-och-kanske-en-och-annan-moderat\/\">Read more &rarr;<\/a><\/p>\n","protected":false},"author":2,"featured_media":0,"comment_status":"open","ping_status":"open","sticky":false,"template":"","format":"standard","meta":{"footnotes":""},"categories":[1],"tags":[],"class_list":["post-3881","post","type-post","status-publish","format-standard","hentry","category-uncategorized"],"_links":{"self":[{"href":"https:\/\/www.mariaabrahamsson.nu\/index.php\/wp-json\/wp\/v2\/posts\/3881","targetHints":{"allow":["GET"]}}],"collection":[{"href":"https:\/\/www.mariaabrahamsson.nu\/index.php\/wp-json\/wp\/v2\/posts"}],"about":[{"href":"https:\/\/www.mariaabrahamsson.nu\/index.php\/wp-json\/wp\/v2\/types\/post"}],"author":[{"embeddable":true,"href":"https:\/\/www.mariaabrahamsson.nu\/index.php\/wp-json\/wp\/v2\/users\/2"}],"replies":[{"embeddable":true,"href":"https:\/\/www.mariaabrahamsson.nu\/index.php\/wp-json\/wp\/v2\/comments?post=3881"}],"version-history":[{"count":0,"href":"https:\/\/www.mariaabrahamsson.nu\/index.php\/wp-json\/wp\/v2\/posts\/3881\/revisions"}],"wp:attachment":[{"href":"https:\/\/www.mariaabrahamsson.nu\/index.php\/wp-json\/wp\/v2\/media?parent=3881"}],"wp:term":[{"taxonomy":"category","embeddable":true,"href":"https:\/\/www.mariaabrahamsson.nu\/index.php\/wp-json\/wp\/v2\/categories?post=3881"},{"taxonomy":"post_tag","embeddable":true,"href":"https:\/\/www.mariaabrahamsson.nu\/index.php\/wp-json\/wp\/v2\/tags?post=3881"}],"curies":[{"name":"wp","href":"https:\/\/api.w.org\/{rel}","templated":true}]}}