{"id":3864,"date":"2010-12-04T17:15:59","date_gmt":"2010-12-04T16:15:59","guid":{"rendered":"http:\/\/www.mariaabrahamsson.nu\/?p=3864"},"modified":"2010-12-04T17:36:34","modified_gmt":"2010-12-04T16:36:34","slug":"bo-lundgren-blev-ju-omvald-som-partiledare","status":"publish","type":"post","link":"https:\/\/www.mariaabrahamsson.nu\/index.php\/2010\/12\/04\/bo-lundgren-blev-ju-omvald-som-partiledare\/","title":{"rendered":"N\u00e4r Bo Lundgren kunde bli omvald som partiledare&#8230;"},"content":{"rendered":"<p><strong>Teven har g\u00e5tt<\/strong> varm i dag. F\u00f6r andra g\u00e5ngen h\u00f6r och ser jag Mona Sahlin framf\u00f6ra sitt <a href=\"http:\/\/www.socialdemokraterna.se\/Mona-Sahlin\/Tal\/2010\/Tal-vid-fortroenderadet\/\">sista stora tal<\/a> som S-partiordf\u00f6rande inf\u00f6r det forna arbetarepartiets f\u00f6rtroender\u00e5d.<\/p>\n<p>Genom \u00e5ren har jag h\u00f6rt och kommenterat \u00e5tskilliga Sahlin-tal. Dagens var det suver\u00e4naste. Jag \u00e4r ber\u00f6rd. Om det \u00e4r med eller mot min vilja l\u00e5ter jag vara osagt, men det \u00e4r n\u00e5got i grunden allvarligt sjukt med svensk partipolitik om inte sanningens ord ska kunna uttalas av partif\u00f6retr\u00e4dare f\u00f6rr\u00e4n loppet \u00e4r k\u00f6rt och allt \u00e4r f\u00f6r sent. Inte f\u00f6r att jag i nul\u00e4get har en aning om hur, men detta \u00e4r n\u00e5got jag SOM POLITIKER t\u00e4nker g\u00f6ra vad jag kan f\u00f6r att \u00e4ndra p\u00e5! Det \u00e4r inget l\u00f6fte, det \u00e4r ett hot!<\/p>\n<p><strong>Sahlins svidande kritik<\/strong> mot partiet och bredsidan mot partistyrelsen som tvingade henne att &#8211; mot b\u00e4ttre vetande &#8211; haka p\u00e5 V och kryptokommunisten Lars Ohly p\u00e5 det r\u00f6dgr\u00f6na t\u00e5get, \u00e4r precis s\u00e5dant klarspr\u00e5k som potentiella S-v\u00e4ljare hade velat h\u00f6ra\u00a0<em>f\u00f6re <\/em>valet. Nu fick v\u00e4ljarna inte g\u00f6ra det eftersom Mona Sahlin &#8211; om jag f\u00f6rst\u00e5r den avg\u00e5ende partiledaren r\u00e4tt &#8211; saknade ett tydligt mandat att leda partiet p\u00e5 det s\u00e4tt som hon bed\u00f6mde vara b\u00e4st. Visst, detta \u00e4r n\u00e5got vi alliansv\u00e4nner har anledning att vara tacksamma f\u00f6r. Fast inte sprider sig lyckan i kroppen av att konstatera det, eller?<\/p>\n<p>Nej, det kr\u00e4vs n\u00e5got mer. Om Socialdemokraternas n\u00e4sta partiledare \u00e4r klok tar han eller hon Mona Sahlin p\u00e5 orden, och l\u00e4gger om partiets politik i den f\u00e4rdriktning som Sahlin stakade ut i dag.<\/p>\n<p><strong>D\u00e5, k\u00e4ra\u00a0v\u00e4nner,<\/strong> l\u00e4r svensk borgerlighet f\u00e5 en stentuff match i valr\u00f6relsen 2014. Denna m\u00e5h\u00e4nda skr\u00e4ckinjagande aha-upplevelse \u00e4r just p\u00e5 pricken vad regeringen Reinfeldt och vi allliansledam\u00f6ter i riksdagen beh\u00f6ver f\u00f6r att snabbt f\u00e5 snurr p\u00e5 <a href=\"http:\/\/www.svd.se\/opinion\/ledarsidan\/det-nya-borgerliga-uppdraget_5708853.svd\">reformt\u00e4nkandet<\/a>.<\/p>\n<p>F\u00f6r efter dagens <a href=\"http:\/\/www.aftonbladet.se\/nyheter\/article8225875.ab\">uppskattade avrivning<\/a> utesluter i vart fall inte jag att Mona Sahlin kommer tillbaka &#8211; som partiledare.<\/p>\n","protected":false},"excerpt":{"rendered":"<p>Teven har g\u00e5tt varm i dag. F\u00f6r andra g\u00e5ngen h\u00f6r och ser jag Mona Sahlin framf\u00f6ra sitt sista stora tal som S-partiordf\u00f6rande inf\u00f6r det forna arbetarepartiets f\u00f6rtroender\u00e5d. Genom \u00e5ren har jag h\u00f6rt och kommenterat \u00e5tskilliga Sahlin-tal. Dagens var det suver\u00e4naste. Jag \u00e4r ber\u00f6rd. Om det \u00e4r med eller mot min vilja l\u00e5ter jag vara osagt,&hellip;<\/p>\n<p class=\"more-link-p\"><a class=\"more-link\" href=\"https:\/\/www.mariaabrahamsson.nu\/index.php\/2010\/12\/04\/bo-lundgren-blev-ju-omvald-som-partiledare\/\">Read more &rarr;<\/a><\/p>\n","protected":false},"author":2,"featured_media":0,"comment_status":"open","ping_status":"open","sticky":false,"template":"","format":"standard","meta":{"footnotes":""},"categories":[1],"tags":[],"class_list":["post-3864","post","type-post","status-publish","format-standard","hentry","category-uncategorized"],"_links":{"self":[{"href":"https:\/\/www.mariaabrahamsson.nu\/index.php\/wp-json\/wp\/v2\/posts\/3864","targetHints":{"allow":["GET"]}}],"collection":[{"href":"https:\/\/www.mariaabrahamsson.nu\/index.php\/wp-json\/wp\/v2\/posts"}],"about":[{"href":"https:\/\/www.mariaabrahamsson.nu\/index.php\/wp-json\/wp\/v2\/types\/post"}],"author":[{"embeddable":true,"href":"https:\/\/www.mariaabrahamsson.nu\/index.php\/wp-json\/wp\/v2\/users\/2"}],"replies":[{"embeddable":true,"href":"https:\/\/www.mariaabrahamsson.nu\/index.php\/wp-json\/wp\/v2\/comments?post=3864"}],"version-history":[{"count":0,"href":"https:\/\/www.mariaabrahamsson.nu\/index.php\/wp-json\/wp\/v2\/posts\/3864\/revisions"}],"wp:attachment":[{"href":"https:\/\/www.mariaabrahamsson.nu\/index.php\/wp-json\/wp\/v2\/media?parent=3864"}],"wp:term":[{"taxonomy":"category","embeddable":true,"href":"https:\/\/www.mariaabrahamsson.nu\/index.php\/wp-json\/wp\/v2\/categories?post=3864"},{"taxonomy":"post_tag","embeddable":true,"href":"https:\/\/www.mariaabrahamsson.nu\/index.php\/wp-json\/wp\/v2\/tags?post=3864"}],"curies":[{"name":"wp","href":"https:\/\/api.w.org\/{rel}","templated":true}]}}