{"id":3815,"date":"2010-11-29T22:21:22","date_gmt":"2010-11-29T21:21:22","guid":{"rendered":"http:\/\/www.mariaabrahamsson.nu\/?p=3815"},"modified":"2010-11-29T23:03:22","modified_gmt":"2010-11-29T22:03:22","slug":"gasellgala-norra-lanken-och-husby-pa-en-dag","status":"publish","type":"post","link":"https:\/\/www.mariaabrahamsson.nu\/index.php\/2010\/11\/29\/gasellgala-norra-lanken-och-husby-pa-en-dag\/","title":{"rendered":"Gasellgala, Norra L\u00e4nken och Husby &#8211; p\u00e5 en dag"},"content":{"rendered":"<p><strong>T\u00e4nk vilka dagar<\/strong> man har nu f\u00f6r tiden. Nog f\u00f6r att jag tyckte att det var r\u00e4tt fullt upp att g\u00f6ra \u00e4ven i mitt tidigare liv, men det \u00e4r ingenting i j\u00e4mf\u00f6relse med nu.<\/p>\n<p><img loading=\"lazy\" decoding=\"async\" class=\"alignleft size-medium wp-image-3818\" title=\"gasellgala\" src=\"http:\/\/www.mariaabrahamsson.nu\/wp-content\/uploads\/2010\/11\/gasellgala-300x225.jpg\" alt=\"\" width=\"300\" height=\"225\" srcset=\"https:\/\/www.mariaabrahamsson.nu\/wp-content\/uploads\/2010\/11\/gasellgala-300x225.jpg 300w, https:\/\/www.mariaabrahamsson.nu\/wp-content\/uploads\/2010\/11\/gasellgala.jpeg 640w\" sizes=\"auto, (max-width: 300px) 100vw, 300px\" \/>Jag \u00e4r nyss hemkommen fr\u00e5n Dagens Industris\u00a0<a href=\"http:\/\/di.se\/Artiklar\/2010\/11\/29\/221427\/De-vaxer-snabbast-i-hela-Sverige\/\">Gasellgala<\/a> d\u00e4r finansminister Anders Borg &#8211; vem annars? &#8211; hade det fina uppdraget att dela ut f\u00f6rstapriset till \u00e5rets supergasell(er).<\/p>\n<p><strong>Och det gjorde f\u00f6rst\u00e5s<\/strong> Borg med bravur. \u00c4ven om han inte ens vid detta festliga tillf\u00e4lle kunde motst\u00e5 frestelsen att inpr\u00e4nta vikten av att h\u00e5lla igen, fast Sverige just nu har Europas starkaste ekonomi. Det bevisar bara att finansministrar \u00e4r ett s\u00e4rskilt sl\u00e4kte&#8230;<\/p>\n<p>Men Borg \u00e4r trots allt popul\u00e4r och fick rungande appl\u00e5der av den f\u00f6rsamlade f\u00f6retagseliten. Kanske beror det p\u00e5 att hans deprimerande budskap ackompanjeras av en viss glimt i \u00f6gat?<\/p>\n<p><strong>I morse ringde<\/strong> v\u00e4l inte klockan \u00f6verdrivet tidigt, men 07.30 satt jag i alla fall i taxin p\u00e5 v\u00e4g till Radiohuset.<\/p>\n<p>D\u00e4r v\u00e4ntade en\u00a0<a href=\"http:\/\/sverigesradio.se\/sida\/play.aspx?ljud=2763563\">debatt <\/a>med Kristdemokraternas Yvonne Andersson med anledning av Kaliberredaktionens &#8221;r\u00e4tt&#8221; magstarka avsl\u00f6janden om skol\u00e4mnet <a href=\"http:\/\/sverigesradio.se\/sida\/artikel.aspx?programid=1316&amp;artikel=4206984\">livskunskap<\/a>. Nej, jag tycker inte att organiserad mobbning\u00a0platsar p\u00e5 skolschemat, och att d\u00f6ma av reaktionerna i mejlboxen vann jag debatten mot Andersson. Stort.<\/p>\n<p><strong>D\u00e4refter studiebes\u00f6k <\/strong>med den moderata Civilkommitt\u00e9n. Klockan 10.30 parkerade vi punktligt minibussen vid Norra L\u00e4nkenbygget i Nationalstadsparken, vid Wennergrens center.<\/p>\n<p>F\u00f6rsta dryga timmen lyssnar vi and\u00e4ktigt p\u00e5 den ansvarige projektledarens redog\u00f6relse av det gigantiska byggets framskridande. Mal\u00f6rer saknas inte, kan jag avsl\u00f6ja.<\/p>\n<p><a href=\"http:\/\/www.mariaabrahamsson.nu\/wp-content\/uploads\/2010\/11\/byggplats.jpg\"><img loading=\"lazy\" decoding=\"async\" class=\"alignleft size-medium wp-image-3816\" title=\"byggplats\" src=\"http:\/\/www.mariaabrahamsson.nu\/wp-content\/uploads\/2010\/11\/byggplats-300x225.jpg\" alt=\"\" width=\"300\" height=\"225\" srcset=\"https:\/\/www.mariaabrahamsson.nu\/wp-content\/uploads\/2010\/11\/byggplats-300x225.jpg 300w, https:\/\/www.mariaabrahamsson.nu\/wp-content\/uploads\/2010\/11\/byggplats.jpg 640w\" sizes=\"auto, (max-width: 300px) 100vw, 300px\" \/><\/a><strong>S\u00e5 dags f\u00f6r f\u00f6revisning<\/strong> i minusgraderna f\u00f6r att p\u00e5 plats insupa det p\u00e5g\u00e5ende arbetet genom Nationalstadsparken. D\u00e4rav hj\u00e4lmarna, st\u00f6vlar och reflexv\u00e4starna.\u00a0(Jag \u00e4r nummer tv\u00e5 fr\u00e5n v\u00e4nster).\u00a0Sluta flabba!!!<\/p>\n<p>Det \u00e4r hur som helst m\u00e4kta\u00a0imponerande att se med vilken precision byggnadsarbetarna sakta men s\u00e4kert borrar sig igenom den op\u00e5litliga rullstens\u00e5sen.<\/p>\n<p><strong>Sedan lunch med<\/strong> kommitt\u00e9kompisarna p\u00e5 <a href=\"http:\/\/www.stallmastaregarden.se\/\">Stallm\u00e4starg\u00e5rden<\/a>, som beh\u00e4ndigt nog ligger n\u00e4stg\u00e5rds med byggnadskaoset vid Norra L\u00e4nkenbygget. Nej, det \u00e4r ingen uppbygglig syn, kan jag s\u00e4ga.<\/p>\n<p>Men <a href=\"http:\/\/www.stallmastaregarden.se\/page.asp?pageID=2273\">maten <\/a>var super!<\/p>\n<p><strong>Strax efter 13-tiden<\/strong> anl\u00e4nder vi till Husby centrum d\u00e4r vi m\u00f6ts av Svenska Bost\u00e4ders platschef Anders Magnusson och Stockholms stads projektledare f\u00f6r J\u00e4rvalyftet, Magnus Andersson.<\/p>\n<p>Det blev n\u00e5gra verkligt givande timmar, inklusive visning av upprustade miljonprogramhus.\u00a0Alltihop kr\u00f6nt med en gruppbild.<\/p>\n<p><a href=\"http:\/\/www.mariaabrahamsson.nu\/wp-content\/uploads\/2010\/11\/husby101129.jpg\"><img loading=\"lazy\" decoding=\"async\" class=\"alignright size-medium wp-image-3817\" title=\"husby101129\" src=\"http:\/\/www.mariaabrahamsson.nu\/wp-content\/uploads\/2010\/11\/husby101129-300x225.jpg\" alt=\"\" width=\"300\" height=\"225\" srcset=\"https:\/\/www.mariaabrahamsson.nu\/wp-content\/uploads\/2010\/11\/husby101129-300x225.jpg 300w, https:\/\/www.mariaabrahamsson.nu\/wp-content\/uploads\/2010\/11\/husby101129.jpg 640w\" sizes=\"auto, (max-width: 300px) 100vw, 300px\" \/><\/a><strong>I tur och ordning:<\/strong> Lotta Olsson, undertecknad, Anti Avsan, Magnus Andersson (som allts\u00e5 inte \u00e4r riksdagsledamot utan projektledare f\u00f6r J\u00e4rvalyftet) nedanf\u00f6r Eva Bengtsson Skogsberg och Magdalena Andersson, som \u00e4r cilvilkommitt\u00e9ns ordf\u00f6rande.<\/p>\n<p>S\u00e5 m\u00e5nga intryck, och d\u00e5 hade dagen \u00e4nd\u00e5 bara blivit eftermiddag&#8230;<\/p>\n","protected":false},"excerpt":{"rendered":"<p>T\u00e4nk vilka dagar man har nu f\u00f6r tiden. Nog f\u00f6r att jag tyckte att det var r\u00e4tt fullt upp att g\u00f6ra \u00e4ven i mitt tidigare liv, men det \u00e4r ingenting i j\u00e4mf\u00f6relse med nu. Jag \u00e4r nyss hemkommen fr\u00e5n Dagens Industris\u00a0Gasellgala d\u00e4r finansminister Anders Borg &#8211; vem annars? &#8211; hade det fina uppdraget att dela&hellip;<\/p>\n<p class=\"more-link-p\"><a class=\"more-link\" href=\"https:\/\/www.mariaabrahamsson.nu\/index.php\/2010\/11\/29\/gasellgala-norra-lanken-och-husby-pa-en-dag\/\">Read more &rarr;<\/a><\/p>\n","protected":false},"author":2,"featured_media":0,"comment_status":"open","ping_status":"open","sticky":false,"template":"","format":"standard","meta":{"footnotes":""},"categories":[1],"tags":[],"class_list":["post-3815","post","type-post","status-publish","format-standard","hentry","category-uncategorized"],"_links":{"self":[{"href":"https:\/\/www.mariaabrahamsson.nu\/index.php\/wp-json\/wp\/v2\/posts\/3815","targetHints":{"allow":["GET"]}}],"collection":[{"href":"https:\/\/www.mariaabrahamsson.nu\/index.php\/wp-json\/wp\/v2\/posts"}],"about":[{"href":"https:\/\/www.mariaabrahamsson.nu\/index.php\/wp-json\/wp\/v2\/types\/post"}],"author":[{"embeddable":true,"href":"https:\/\/www.mariaabrahamsson.nu\/index.php\/wp-json\/wp\/v2\/users\/2"}],"replies":[{"embeddable":true,"href":"https:\/\/www.mariaabrahamsson.nu\/index.php\/wp-json\/wp\/v2\/comments?post=3815"}],"version-history":[{"count":0,"href":"https:\/\/www.mariaabrahamsson.nu\/index.php\/wp-json\/wp\/v2\/posts\/3815\/revisions"}],"wp:attachment":[{"href":"https:\/\/www.mariaabrahamsson.nu\/index.php\/wp-json\/wp\/v2\/media?parent=3815"}],"wp:term":[{"taxonomy":"category","embeddable":true,"href":"https:\/\/www.mariaabrahamsson.nu\/index.php\/wp-json\/wp\/v2\/categories?post=3815"},{"taxonomy":"post_tag","embeddable":true,"href":"https:\/\/www.mariaabrahamsson.nu\/index.php\/wp-json\/wp\/v2\/tags?post=3815"}],"curies":[{"name":"wp","href":"https:\/\/api.w.org\/{rel}","templated":true}]}}