{"id":3770,"date":"2010-11-22T22:02:47","date_gmt":"2010-11-22T21:02:47","guid":{"rendered":"http:\/\/www.mariaabrahamsson.nu\/?p=3770"},"modified":"2010-11-22T22:02:52","modified_gmt":"2010-11-22T21:02:52","slug":"bra-ask-men-sluta-slira-om-domstolarnas-oberoende","status":"publish","type":"post","link":"https:\/\/www.mariaabrahamsson.nu\/index.php\/2010\/11\/22\/bra-ask-men-sluta-slira-om-domstolarnas-oberoende\/","title":{"rendered":"Bra Ask, men sluta slira om domstolarnas oberoende!"},"content":{"rendered":"<p><strong>Jag fick n\u00e5got <\/strong>blankt i \u00f6gat p\u00e5 v\u00e4gen hem i kv\u00e4ll. P\u00e5 Bysistorget vid den sv\u00e5rt trafikerade och d\u00e4rf\u00f6r politiskt korrekt dubbd\u00e4cksbefriade Hornsgatan, st\u00e5r min \u00e4lskade S\u00f6dergran (ja, inte f\u00f6rfattarinnan) och lyser upp den m\u00f6rka kv\u00e4llen.<\/p>\n<p><a href=\"http:\/\/www.mariaabrahamsson.nu\/wp-content\/uploads\/2010\/11\/julgranbysis1011221.jpeg\"><img loading=\"lazy\" decoding=\"async\" class=\"alignleft size-medium wp-image-3772\" title=\"julgranbysis101122\" src=\"http:\/\/www.mariaabrahamsson.nu\/wp-content\/uploads\/2010\/11\/julgranbysis1011221-225x300.jpg\" alt=\"\" width=\"225\" height=\"300\" srcset=\"https:\/\/www.mariaabrahamsson.nu\/wp-content\/uploads\/2010\/11\/julgranbysis1011221-225x300.jpg 225w, https:\/\/www.mariaabrahamsson.nu\/wp-content\/uploads\/2010\/11\/julgranbysis1011221.jpeg 480w\" sizes=\"auto, (max-width: 225px) 100vw, 225px\" \/><\/a><\/p>\n<p>Blank i blicken gjorde mig ocks\u00e5 dagens\u00a0<a href=\"http:\/\/www.dn.se\/debatt\/regeringen-ska-granska-brottsforebyggande-radet-1.1212923\">DN Debatt<\/a> d\u00e4r justitieministern ger det av mig s\u00e5 hett efterl\u00e4ngtade beskedet: Brottsf\u00f6rebyggande r\u00e5det ska bli f\u00f6rem\u00e5l f\u00f6r granskning!!!<\/p>\n<p><strong>Nej, jag tror inte<\/strong> f\u00f6r en sekund att det \u00e4r min f\u00f6rtj\u00e4nst. Beatrice Ask agerar s\u00e5 klart sj\u00e4lvst\u00e4ndigt, det \u00e4r d\u00e4rf\u00f6r hon aldrig har uppvisat minsta lilla bekymrad rynka \u00f6ver min genom \u00e5ren r\u00e4tt fr\u00e4na kritik mot\u00a0<a href=\"http:\/\/www.svd.se\/opinion\/ledarsidan\/borja-skissa-pa-vad-som-ska-komma-efter-bra_2389899.svd\">Br\u00e5<\/a>.<\/p>\n<p>Men nu ska allts\u00e5 \u00a0<a href=\"http:\/\/www.statskontoret.se\/\">Statskontoret <\/a>p\u00e5 regeringens uppdrag granska kvaliteten i Br\u00e5s stundom r\u00e4tt <a href=\"http:\/\/www.svd.se\/opinion\/ledarsidan\/sa-vilseledde-bra-mp-och-mediesverige_2312341.svd\">mysko<\/a> statistikredovisning.\u00a0Ingen \u00e4r <a href=\"http:\/\/www.riksdagen.se\/webbnav\/index.aspx?nid=410&amp;dok_id=GY02Ju224\">gladare<\/a> \u00e4n jag.<\/p>\n<p><strong>Mer fr\u00e5gande st\u00e4ller <\/strong>jag mig till justitieministerns beslut (enligt samma debattare som ovan) att utreda domstolarnas samverkan med \u00e5klagare och andra r\u00e4ttsv\u00e5rdande myndigheter i den s\u00e5 kallade r\u00e4ttskedjan.<\/p>\n<p>En numera pensionerad hovr\u00e4ttslagman h\u00f6gl\u00e4ste i eftermiddags suckande ur Asks artikel f\u00f6r mig i telefon:<\/p>\n<p><em><strong>&#8221;Att samverkan<\/strong> mellan r\u00e4ttsv\u00e4sendets myndigheter beh\u00f6ver utvecklas och att det beh\u00f6ver ta sin ta utg\u00e5ngspunkt i gemensamma syns\u00e4tt har uppm\u00e4rksammats under l\u00e5ng tid. \u00c4nd\u00e5 har vare sig tidigare socialdemokratiska regeringar eller myndigheterna sj\u00e4lva satt tillr\u00e4ckligt fokus p\u00e5 fr\u00e5gan och tillvaratagit de utvecklingsm\u00f6jligheter som finns. Detta g\u00e4ller inte minst de m\u00f6jligheter som informationsteknologin ger att kunna f\u00f6lja fl\u00f6det i r\u00e4ttskedjan och identifiera flaskhalsar och d\u00e4rmed angel\u00e4gna utvecklingsfr\u00e5gor n\u00e4r det g\u00e4ller myndigheternas arbetsmetoder.<\/em><\/p>\n<p><em>Brottsm\u00e5lskedjan omfattar m\u00e5nga myndigheter. Det handlar om Rikspolisstyrelsen och l\u00e4nspolismyndigheterna, \u00c5klagarmyndigheten, Ekobrottsmyndigheten, Sveriges domstolar, Kriminalv\u00e5rden, Brottsoffermyndigheten och R\u00e4ttsmedicinalverket.&#8221;<\/em><\/p>\n<p><strong>\u00c4r detta verkligen representativt<\/strong> f\u00f6r Moderaternas inst\u00e4llning till den av regering och riksdag oberoende domarmakten? F\u00f6rl\u00e5t, men d\u00e5 m\u00e5ste \u00e4ven jag&#8230; anm\u00e4la protest. F\u00f6r det \u00e4r l\u00e5ngtifr\u00e5n\u00a0<a href=\"http:\/\/www.svd.se\/opinion\/ledarsidan\/domstolspaketet-ar-anda-det-allra-basta_2218863.svd\">min syn<\/a> p\u00e5 domstolarnas plats i det svenska samh\u00e4llsbygget.<\/p>\n<p>Knappast heller partikompisarna i Grundlagsutredningen, d\u00e4r <a href=\"http:\/\/www.expressen.se\/debatt\/1.1864979\/vi-maste-borja-prata-grundlag\">de<\/a> drog ett tungt lass f\u00f6r att den d\u00f6mande maktens s\u00e4rst\u00e4llning skulle markeras i den svenska konstitutionen\u00a0visavi polisen, \u00e5klageriet och andra f\u00f6rvaltningsmyndigheter.<\/p>\n<p><strong>I den reviderade grundlagsreform<\/strong> som riksdagen &#8211; om allt g\u00e5r enligt plan &#8211; klubbar p\u00e5 onsdag beg\u00e5vas\u00a0domstolarna med ett eget kapitel i akt och mening att just s\u00e4rskilja Domstolssverige fr\u00e5n \u00f6vriga Myndighetssverige. Allt f\u00f6r att tydligg\u00f6ra domstolarnas oberoende gentemot s\u00e5v\u00e4l de styrande som de lagstiftande statsorganen. Vad det nu \u00e4r v\u00e4rt n\u00e4r sj\u00e4lvaste justitieministern slirar s\u00e5 bet\u00e4nkligt om domstolarnas st\u00e4llning.<\/p>\n","protected":false},"excerpt":{"rendered":"<p>Jag fick n\u00e5got blankt i \u00f6gat p\u00e5 v\u00e4gen hem i kv\u00e4ll. P\u00e5 Bysistorget vid den sv\u00e5rt trafikerade och d\u00e4rf\u00f6r politiskt korrekt dubbd\u00e4cksbefriade Hornsgatan, st\u00e5r min \u00e4lskade S\u00f6dergran (ja, inte f\u00f6rfattarinnan) och lyser upp den m\u00f6rka kv\u00e4llen. Blank i blicken gjorde mig ocks\u00e5 dagens\u00a0DN Debatt d\u00e4r justitieministern ger det av mig s\u00e5 hett efterl\u00e4ngtade beskedet: Brottsf\u00f6rebyggande&hellip;<\/p>\n<p class=\"more-link-p\"><a class=\"more-link\" href=\"https:\/\/www.mariaabrahamsson.nu\/index.php\/2010\/11\/22\/bra-ask-men-sluta-slira-om-domstolarnas-oberoende\/\">Read more &rarr;<\/a><\/p>\n","protected":false},"author":2,"featured_media":0,"comment_status":"open","ping_status":"open","sticky":false,"template":"","format":"standard","meta":{"footnotes":""},"categories":[1],"tags":[],"class_list":["post-3770","post","type-post","status-publish","format-standard","hentry","category-uncategorized"],"_links":{"self":[{"href":"https:\/\/www.mariaabrahamsson.nu\/index.php\/wp-json\/wp\/v2\/posts\/3770","targetHints":{"allow":["GET"]}}],"collection":[{"href":"https:\/\/www.mariaabrahamsson.nu\/index.php\/wp-json\/wp\/v2\/posts"}],"about":[{"href":"https:\/\/www.mariaabrahamsson.nu\/index.php\/wp-json\/wp\/v2\/types\/post"}],"author":[{"embeddable":true,"href":"https:\/\/www.mariaabrahamsson.nu\/index.php\/wp-json\/wp\/v2\/users\/2"}],"replies":[{"embeddable":true,"href":"https:\/\/www.mariaabrahamsson.nu\/index.php\/wp-json\/wp\/v2\/comments?post=3770"}],"version-history":[{"count":0,"href":"https:\/\/www.mariaabrahamsson.nu\/index.php\/wp-json\/wp\/v2\/posts\/3770\/revisions"}],"wp:attachment":[{"href":"https:\/\/www.mariaabrahamsson.nu\/index.php\/wp-json\/wp\/v2\/media?parent=3770"}],"wp:term":[{"taxonomy":"category","embeddable":true,"href":"https:\/\/www.mariaabrahamsson.nu\/index.php\/wp-json\/wp\/v2\/categories?post=3770"},{"taxonomy":"post_tag","embeddable":true,"href":"https:\/\/www.mariaabrahamsson.nu\/index.php\/wp-json\/wp\/v2\/tags?post=3770"}],"curies":[{"name":"wp","href":"https:\/\/api.w.org\/{rel}","templated":true}]}}