{"id":3723,"date":"2010-11-18T00:24:39","date_gmt":"2010-11-17T23:24:39","guid":{"rendered":"http:\/\/www.mariaabrahamsson.nu\/?p=3723"},"modified":"2010-11-18T00:59:40","modified_gmt":"2010-11-17T23:59:40","slug":"varfor-bara-vansterpolitiker-i-tv4s-kvallsoppet","status":"publish","type":"post","link":"https:\/\/www.mariaabrahamsson.nu\/index.php\/2010\/11\/18\/varfor-bara-vansterpolitiker-i-tv4s-kvallsoppet\/","title":{"rendered":"Varf\u00f6r bara v\u00e4nsterpolitiker i TV4:s Kv\u00e4lls\u00f6ppet?"},"content":{"rendered":"<p><strong>I f\u00f6rmiddags ringde<\/strong> TV4 och ville absolut ha med mig i aftonens <a href=\"http:\/\/www.tv4play.se\/nyheter_och_debatt\/kvallsoppet_med_ekdal?title=kvallsoppet_med_ekdal_del_8&amp;videoid=1129180\">Kv\u00e4lls\u00f6ppet<\/a> f\u00f6r att diskutera framtidens politiska landskap med anledning av sossarnas inre kaos.<\/p>\n<p>Sj\u00e4lvklart tackade jag ja.<\/p>\n<p><strong>S\u00e5 i\u00a0<span style=\"font-weight: normal;\"><strong>eftermiddags<\/strong> ringde en snubbe fr\u00e5n TV4 bara f\u00f6r att tala om att de inte l\u00e4ngre beh\u00f6vde mig, apberget var redan fullsatt med andra intressanta figurer. Nej, han uttryckte sig inte exakt s\u00e5, men det var sj\u00e4lva andemeningen. Och visst, jag f\u00f6rstod. Trodde jag.<\/span><\/strong><\/p>\n<p>Efter att ha sett programmet f\u00f6rst\u00e5r jag d\u00e4remot inte alls.<\/p>\n<p><strong>F\u00f6r i kv\u00e4ll valde TV4 <\/strong>att befolka v\u00e4nsterhalvan med sossedebatt\u00f6ren Stig-Bj\u00f6rn Ljunggren, MP-riksdagsledamoten Gustav Fridolin, v\u00e4nsterpartiets Jonas Sj\u00f6stedt och socialdemokraten Carin J\u00e4mtin.<\/p>\n<p>Medan den svenska borgerligheten representerades av Newsmills PM Nilsson, SvD:s Per Gudmundson och Stockholms Handelskammares VD Maria Rankka.<\/p>\n<p><strong>Alla tre \u00e4r bra<\/strong> personer, absolut, men jag begriper fortfarande inte varf\u00f6r TV4 valde att matcha v\u00e4nsterns proffspolitiker med ingen borgerlig politiker.<\/p>\n","protected":false},"excerpt":{"rendered":"<p>I f\u00f6rmiddags ringde TV4 och ville absolut ha med mig i aftonens Kv\u00e4lls\u00f6ppet f\u00f6r att diskutera framtidens politiska landskap med anledning av sossarnas inre kaos. Sj\u00e4lvklart tackade jag ja. S\u00e5 i\u00a0eftermiddags ringde en snubbe fr\u00e5n TV4 bara f\u00f6r att tala om att de inte l\u00e4ngre beh\u00f6vde mig, apberget var redan fullsatt med andra intressanta figurer.&hellip;<\/p>\n<p class=\"more-link-p\"><a class=\"more-link\" href=\"https:\/\/www.mariaabrahamsson.nu\/index.php\/2010\/11\/18\/varfor-bara-vansterpolitiker-i-tv4s-kvallsoppet\/\">Read more &rarr;<\/a><\/p>\n","protected":false},"author":2,"featured_media":0,"comment_status":"open","ping_status":"open","sticky":false,"template":"","format":"standard","meta":{"footnotes":""},"categories":[1],"tags":[],"class_list":["post-3723","post","type-post","status-publish","format-standard","hentry","category-uncategorized"],"_links":{"self":[{"href":"https:\/\/www.mariaabrahamsson.nu\/index.php\/wp-json\/wp\/v2\/posts\/3723","targetHints":{"allow":["GET"]}}],"collection":[{"href":"https:\/\/www.mariaabrahamsson.nu\/index.php\/wp-json\/wp\/v2\/posts"}],"about":[{"href":"https:\/\/www.mariaabrahamsson.nu\/index.php\/wp-json\/wp\/v2\/types\/post"}],"author":[{"embeddable":true,"href":"https:\/\/www.mariaabrahamsson.nu\/index.php\/wp-json\/wp\/v2\/users\/2"}],"replies":[{"embeddable":true,"href":"https:\/\/www.mariaabrahamsson.nu\/index.php\/wp-json\/wp\/v2\/comments?post=3723"}],"version-history":[{"count":0,"href":"https:\/\/www.mariaabrahamsson.nu\/index.php\/wp-json\/wp\/v2\/posts\/3723\/revisions"}],"wp:attachment":[{"href":"https:\/\/www.mariaabrahamsson.nu\/index.php\/wp-json\/wp\/v2\/media?parent=3723"}],"wp:term":[{"taxonomy":"category","embeddable":true,"href":"https:\/\/www.mariaabrahamsson.nu\/index.php\/wp-json\/wp\/v2\/categories?post=3723"},{"taxonomy":"post_tag","embeddable":true,"href":"https:\/\/www.mariaabrahamsson.nu\/index.php\/wp-json\/wp\/v2\/tags?post=3723"}],"curies":[{"name":"wp","href":"https:\/\/api.w.org\/{rel}","templated":true}]}}