{"id":3695,"date":"2010-11-17T17:06:31","date_gmt":"2010-11-17T16:06:31","guid":{"rendered":"http:\/\/www.mariaabrahamsson.nu\/?p=3695"},"modified":"2010-11-17T17:10:22","modified_gmt":"2010-11-17T16:10:22","slug":"nog-bara-jag-som-markte-att-sahlin-gick-forbi","status":"publish","type":"post","link":"https:\/\/www.mariaabrahamsson.nu\/index.php\/2010\/11\/17\/nog-bara-jag-som-markte-att-sahlin-gick-forbi\/","title":{"rendered":"Nog bara jag som m\u00e4rkte att Sahlin gick f\u00f6rbi"},"content":{"rendered":"<p><strong>Fotoblixtarna smattrade <\/strong>som kulsprutor. Men det var inte Mona Sahlin som det ot\u00e5liga medieuppb\u00e5det v\u00e4ntade p\u00e5 ovanf\u00f6r rulltrappan, i anslutning till kammaren inf\u00f6r eftermiddagens voteringar. Kvinnan som Mediesverige riktade str\u00e5lkastarljuset mot var <a href=\"http:\/\/www.expressen.se\/nyheter\/1.2216420\/veronica-palm-i-morse-jag-vill-inte-spekulera\">Veronic Palm.<\/a><\/p>\n<p><a href=\"http:\/\/www.mariaabrahamsson.nu\/wp-content\/uploads\/2010\/11\/VP1.jpeg\"><img loading=\"lazy\" decoding=\"async\" class=\"alignleft size-medium wp-image-3700\" title=\"VP\" src=\"http:\/\/www.mariaabrahamsson.nu\/wp-content\/uploads\/2010\/11\/VP1-300x225.jpg\" alt=\"\" width=\"300\" height=\"225\" srcset=\"https:\/\/www.mariaabrahamsson.nu\/wp-content\/uploads\/2010\/11\/VP1-300x225.jpg 300w, https:\/\/www.mariaabrahamsson.nu\/wp-content\/uploads\/2010\/11\/VP1.jpeg 640w\" sizes=\"auto, (max-width: 300px) 100vw, 300px\" \/><\/a><\/p>\n<p>Att hennes namn inte f\u00f6r en sekund fladdrade f\u00f6rbi i min fantasi medan jag stod d\u00e4r och h\u00e4ngde , s\u00e4ger \u00a0&#8221;n\u00e5got&#8221; om min bed\u00f6mning av Palms f\u00f6ruts\u00e4ttningar att axla det socialdemokratiska partiledarskapet efter Sahlin.<\/p>\n<p><strong>F\u00f6r att inte tala<\/strong> om vad det s\u00e4ger om politikens villkor att Mona Sahlin helt obem\u00e4rkt bara kunde g\u00e5 f\u00f6rbi. Det var en mycket m\u00e4rkv\u00e4rdig syn. Tragisk, rent av.<\/p>\n","protected":false},"excerpt":{"rendered":"<p>Fotoblixtarna smattrade som kulsprutor. Men det var inte Mona Sahlin som det ot\u00e5liga medieuppb\u00e5det v\u00e4ntade p\u00e5 ovanf\u00f6r rulltrappan, i anslutning till kammaren inf\u00f6r eftermiddagens voteringar. Kvinnan som Mediesverige riktade str\u00e5lkastarljuset mot var Veronic Palm. Att hennes namn inte f\u00f6r en sekund fladdrade f\u00f6rbi i min fantasi medan jag stod d\u00e4r och h\u00e4ngde , s\u00e4ger \u00a0&#8221;n\u00e5got&#8221;&hellip;<\/p>\n<p class=\"more-link-p\"><a class=\"more-link\" href=\"https:\/\/www.mariaabrahamsson.nu\/index.php\/2010\/11\/17\/nog-bara-jag-som-markte-att-sahlin-gick-forbi\/\">Read more &rarr;<\/a><\/p>\n","protected":false},"author":2,"featured_media":0,"comment_status":"open","ping_status":"open","sticky":false,"template":"","format":"standard","meta":{"footnotes":""},"categories":[1],"tags":[],"class_list":["post-3695","post","type-post","status-publish","format-standard","hentry","category-uncategorized"],"_links":{"self":[{"href":"https:\/\/www.mariaabrahamsson.nu\/index.php\/wp-json\/wp\/v2\/posts\/3695","targetHints":{"allow":["GET"]}}],"collection":[{"href":"https:\/\/www.mariaabrahamsson.nu\/index.php\/wp-json\/wp\/v2\/posts"}],"about":[{"href":"https:\/\/www.mariaabrahamsson.nu\/index.php\/wp-json\/wp\/v2\/types\/post"}],"author":[{"embeddable":true,"href":"https:\/\/www.mariaabrahamsson.nu\/index.php\/wp-json\/wp\/v2\/users\/2"}],"replies":[{"embeddable":true,"href":"https:\/\/www.mariaabrahamsson.nu\/index.php\/wp-json\/wp\/v2\/comments?post=3695"}],"version-history":[{"count":0,"href":"https:\/\/www.mariaabrahamsson.nu\/index.php\/wp-json\/wp\/v2\/posts\/3695\/revisions"}],"wp:attachment":[{"href":"https:\/\/www.mariaabrahamsson.nu\/index.php\/wp-json\/wp\/v2\/media?parent=3695"}],"wp:term":[{"taxonomy":"category","embeddable":true,"href":"https:\/\/www.mariaabrahamsson.nu\/index.php\/wp-json\/wp\/v2\/categories?post=3695"},{"taxonomy":"post_tag","embeddable":true,"href":"https:\/\/www.mariaabrahamsson.nu\/index.php\/wp-json\/wp\/v2\/tags?post=3695"}],"curies":[{"name":"wp","href":"https:\/\/api.w.org\/{rel}","templated":true}]}}