{"id":3687,"date":"2010-11-15T21:03:26","date_gmt":"2010-11-15T20:03:26","guid":{"rendered":"http:\/\/www.mariaabrahamsson.nu\/?p=3687"},"modified":"2010-11-15T21:12:08","modified_gmt":"2010-11-15T20:12:08","slug":"plotsligt-ser-jag-klart-vem-som-tar-vid-efter-sahlin","status":"publish","type":"post","link":"https:\/\/www.mariaabrahamsson.nu\/index.php\/2010\/11\/15\/plotsligt-ser-jag-klart-vem-som-tar-vid-efter-sahlin\/","title":{"rendered":"Pl\u00f6tsligt ser jag klart vem som tar vid efter Sahlin"},"content":{"rendered":"<p><strong>I kv\u00e4llens Rapport<\/strong> dyker min favoritsosse <a href=\"http:\/\/www.folkbladet.se\/opinion\/ledare\/\">Widar Andersson<\/a> upp i <a href=\"http:\/\/svt.se\/2.22620\/1.2234647\/sahlin_jag_kanner_mig_inte_sviken\">tv-rutan<\/a> (n\u00e5gonstans i inslaget b\u00f6r han finnas). Han kommenterar sitt partis framtid, och pl\u00f6tsligt ser jag allt kristallklart:<\/p>\n<p>Frit\u00e4nkaren Widar Andersson skulle vara en fullst\u00e4ndigt underbart livsfarlig ers\u00e4ttare p\u00e5 ordf\u00f6randeposten efter Mona Sahlin. Livsfarlig f\u00f6r borgerligheten, vill s\u00e4ga.<\/p>\n<p><strong>Annars b\u00f6rjar jag<\/strong> verkligen gilla m\u00e5ndagarna i riksdagshuset. Det \u00e4r s\u00e5 lugnt och sk\u00f6nt n\u00e4r de folkvalda inte \u00e4r d\u00e4r. N\u00e4men, f\u00f6rl\u00e5t, Herre gud, vad \u00e4r det jag s\u00e4ger?!<\/p>\n<p>I morse lyxade jag till det rej\u00e4lt och ringde MyCab. Visst, det inneb\u00e4r taxi till riksdagshuset p\u00e5 skattebetalarnas &#8211; v\u00e4ljarnas &#8211; bekostnad. Men hall\u00e5, det regnade och bl\u00e5ste, \u00a0och jag \u00e4r faktiskt fortfarande under inflyttning i tj\u00e4nsterummet och orkade bara inte b\u00e4ra de blytunga bokkassarna mer \u00e4n max 50 meter.<\/p>\n<p><strong>S\u00e4rskilt inte med tanke <\/strong>p\u00e5 min tennisarmb\u00e5ge som alltj\u00e4mt v\u00e4rker efter sommarens vansinniga stock- och grenr\u00f6jning p\u00e5 hygget kring smultronst\u00e4llet i V\u00e4rmlandsskogen. Idiotiskt, jag vet, men allt \u00e4r makens fel&#8230;<\/p>\n<p>V\u00e4l p\u00e5 plats i tj\u00e4nsterummet har jag \u00e4gnat dagen \u00e5t flitig instudering av handlingarna inf\u00f6r morgondagens sammantr\u00e4de i Civilutskottet. Det tog en dryg halvtimme.<\/p>\n<p><strong>Betydligt mer tid beh\u00f6vde<\/strong> jag f\u00f6r att f\u00f6rbereda morgondagens paneldebatt om &#8221;<em>Sociala medier som kommunikationskanal f\u00f6r r\u00e4ttsinformation&#8221;<\/em>. H\u00e5ller med, rubriken \u00e4r ingen kioskv\u00e4ltare, men var s\u00e5 s\u00e4ker, det h\u00e4r kan bli riktigt\u00a0<a href=\"http:\/\/www.rattsinfo.se\/101116.htm\">intressant!<\/a> Nej! Jag t\u00e4nker inte avsl\u00f6ja i f\u00f6rv\u00e4g vad jag kommer att s\u00e4ga, n\u00e5got ska man ju ha att blogga om i morgon.<\/p>\n<p>P\u00e5 tal om i morgon. F\u00f6rutom m\u00f6tet klockan 16.00 med den alltid lika sp\u00e4nnande riksdagsgruppen &#8211; ja, och f\u00f6rargligt f\u00f6r er att jag aldrig i livet t\u00e4nker yppa ett ord om vad som s\u00e4gs p\u00e5 dessa m\u00f6ten &#8211; s\u00e5 har Civilutskottets kansli bjudit in oss ledam\u00f6ter till samkv\u00e4m p\u00e5 kv\u00e4llen. Eller om det nu \u00e4r vi ledam\u00f6ter som bjuder in utskottets kansli, jag vet inte s\u00e5 noga. Men trevligt ska det \u00a0bli!<\/p>\n<p><strong>Trevligt var det ocks\u00e5<\/strong> att i kv\u00e4ll tr\u00e4ffa v\u00e4ljare p\u00e5 T-baneperrongen i Gamla stan. F\u00f6rst kom det fram en kvinna i min egen \u00e5lder och tackade mig f\u00f6r att jag drev fr\u00e5gan om att avskaffa n\u00e4mndemannasystemet. Att hon var domare i Svea hovr\u00e4tt gjorde mig s\u00e4rskilt glad. F\u00f6r att inte tala om hur varm jag blev om hj\u00e4rtat av kvinnan sn\u00e4ppet \u00e4ldre som med utl\u00e4ndsk brytning f\u00f6rklarade att hon saknade mig om fredagarna i SVT:s nyhetspanel.<\/p>\n<p>Sk\u00f6nt att vara saknad!<\/p>\n","protected":false},"excerpt":{"rendered":"<p>I kv\u00e4llens Rapport dyker min favoritsosse Widar Andersson upp i tv-rutan (n\u00e5gonstans i inslaget b\u00f6r han finnas). Han kommenterar sitt partis framtid, och pl\u00f6tsligt ser jag allt kristallklart: Frit\u00e4nkaren Widar Andersson skulle vara en fullst\u00e4ndigt underbart livsfarlig ers\u00e4ttare p\u00e5 ordf\u00f6randeposten efter Mona Sahlin. Livsfarlig f\u00f6r borgerligheten, vill s\u00e4ga. Annars b\u00f6rjar jag verkligen gilla m\u00e5ndagarna i&hellip;<\/p>\n<p class=\"more-link-p\"><a class=\"more-link\" href=\"https:\/\/www.mariaabrahamsson.nu\/index.php\/2010\/11\/15\/plotsligt-ser-jag-klart-vem-som-tar-vid-efter-sahlin\/\">Read more &rarr;<\/a><\/p>\n","protected":false},"author":2,"featured_media":0,"comment_status":"open","ping_status":"open","sticky":false,"template":"","format":"standard","meta":{"footnotes":""},"categories":[1],"tags":[],"class_list":["post-3687","post","type-post","status-publish","format-standard","hentry","category-uncategorized"],"_links":{"self":[{"href":"https:\/\/www.mariaabrahamsson.nu\/index.php\/wp-json\/wp\/v2\/posts\/3687","targetHints":{"allow":["GET"]}}],"collection":[{"href":"https:\/\/www.mariaabrahamsson.nu\/index.php\/wp-json\/wp\/v2\/posts"}],"about":[{"href":"https:\/\/www.mariaabrahamsson.nu\/index.php\/wp-json\/wp\/v2\/types\/post"}],"author":[{"embeddable":true,"href":"https:\/\/www.mariaabrahamsson.nu\/index.php\/wp-json\/wp\/v2\/users\/2"}],"replies":[{"embeddable":true,"href":"https:\/\/www.mariaabrahamsson.nu\/index.php\/wp-json\/wp\/v2\/comments?post=3687"}],"version-history":[{"count":0,"href":"https:\/\/www.mariaabrahamsson.nu\/index.php\/wp-json\/wp\/v2\/posts\/3687\/revisions"}],"wp:attachment":[{"href":"https:\/\/www.mariaabrahamsson.nu\/index.php\/wp-json\/wp\/v2\/media?parent=3687"}],"wp:term":[{"taxonomy":"category","embeddable":true,"href":"https:\/\/www.mariaabrahamsson.nu\/index.php\/wp-json\/wp\/v2\/categories?post=3687"},{"taxonomy":"post_tag","embeddable":true,"href":"https:\/\/www.mariaabrahamsson.nu\/index.php\/wp-json\/wp\/v2\/tags?post=3687"}],"curies":[{"name":"wp","href":"https:\/\/api.w.org\/{rel}","templated":true}]}}