{"id":3659,"date":"2010-11-09T22:42:37","date_gmt":"2010-11-09T21:42:37","guid":{"rendered":"http:\/\/www.mariaabrahamsson.nu\/?p=3659"},"modified":"2010-11-09T22:42:45","modified_gmt":"2010-11-09T21:42:45","slug":"ocksa-en-dag-men-vilken-dag","status":"publish","type":"post","link":"https:\/\/www.mariaabrahamsson.nu\/index.php\/2010\/11\/09\/ocksa-en-dag-men-vilken-dag\/","title":{"rendered":"Ocks\u00e5 en dag, men vilken dag!"},"content":{"rendered":"<p><strong>I kv\u00e4ll har jag varit <\/strong>p\u00e5 jurymiddag hos <a href=\"http:\/\/www.tenzingab.se\/?gclid=CIT5kP7HlKUCFQGHDgod-XgIiw\">Tenzing<\/a>. Under en god m\u00e5ltid enades <a href=\"http:\/\/tenzingpriset.se\/\">vi <\/a>om vem som ska bli \u00e5rets <a href=\"http:\/\/tenzingpriset.se\/\">Tenzingvinnare<\/a>. \u00a0Den 24 november blir det offentligt, men s\u00e5 mycket kan jag s\u00e4ga att\u00a0min kandidat vann inte, den h\u00e4r g\u00e5ngen&#8230;<\/p>\n<p>I \u00a0dag har jag ocks\u00e5 uttalat mig f\u00f6r f\u00f6rsta g\u00e5ngen som ledamot av Civilutskottet. Vad jag sa?<\/p>\n<p><strong>&#8211; I och med denna <\/strong>proposition (<a href=\"http:\/\/www.riksdagen.se\/webbnav\/?nid=37&amp;dok_id=GX03235\">prop <\/a>2009\/10:235 Enklare redovisning) tas \u00e4nnu ett steg i regeringens viktiga regelf\u00f6renklingsarbete. S\u00e5 ja, fr\u00e5n alliansens sida tillstyrker vi f\u00f6rslaget.<\/p>\n<p>Glasklart, eller hur? Jojo, Milj\u00f6partiets Gustaf Fridolin flabbade \u00f6ver bordet och ska sanningen fram har jag \u00e4nnu inte hunnit l\u00e4sa lagf\u00f6rslaget annat \u00e4n i sammanfattning. Men om jag har f\u00f6rst\u00e5tt utskottsarbetets inre logik r\u00e4tt \u00e4r det kutym att partierna redan vid lagstiftnings\u00e4rendets f\u00f6rsta beredning redovisa partiets st\u00e5ndpunkt. Sedan kan man i v\u00e4rsta fall \u00e4ndra sig fram till det s\u00e5 kallade justeringssammantr\u00e4det, d\u00e5 kansliet har skrivet ett f\u00f6rslag till utskottsbet\u00e4nkande utifr\u00e5n den st\u00e5ndpunkt jag allts\u00e5 prelimin\u00e4rt redovisade i dag.<\/p>\n<p><strong>Efter utskottssammantr\u00e4det<\/strong> \u00f6verraskade jag mig sj\u00e4lv med att \u00e4ta lunch i riksdagsmatsalen tillsammans med partikolleger. Det var riktigt, riktigt trevligt! Jag m\u00e5ste helt klart bli b\u00e4ttre p\u00e5 att socialisera mig!<\/p>\n<p>N\u00e4r jag v\u00e4l hade konstaterat det la jag benen p\u00e5 ryggen och hastade iv\u00e4g till tj\u00e4nsterummet. D\u00e4r f\u00f6rsj\u00f6nk jag i n\u00e5gra timmars &#8221;inre tj\u00e4nst&#8221; och mejlkorrespondens.\u00a0I morgon f\u00f6rmiddag blir jag intervjuad av Neo. Att d\u00f6ma av fr\u00e5gebatteriet som jag har f\u00e5tt i f\u00f6rv\u00e4g kan det bli en tuff match, d\u00e4rav dagens f\u00f6rberedelser.<\/p>\n<p><strong>Men innan Neo<\/strong> i morgon sl\u00e5r sig ner i f\u00e5t\u00f6ljen ska jag och \u00f6vriga alliansledam\u00f6terna i Civilutskottet tr\u00e4ffa den nya bostadsministern Stefan Attefall. F\u00e5r se hur det kan g\u00e5..<\/p>\n<p>Klockan 11.30-13.00 har jag tackat ja till Sopplunch med Svenskt N\u00e4ringsliv p\u00e5 temat utvecklingen i Stockholm. Inser att det kan bli sv\u00e5rt att hinna med d\u00e5 jag helst inte vill missa h\u00e4lsokontrollen i Bankhallen. F\u00f6r vem vill inte ha blodfetterna och fetthalten i kroppen analyserad?<\/p>\n<p><strong>Klockan 13.00-14.30 <\/strong>\u00e4r det sammantr\u00e4de med moderatkompisarna i Civilutskottet, det vill s\u00e4ga Civilkommitt\u00e9n (l\u00e4gg den p\u00e5 minnet). P\u00e5 v\u00e4gen d\u00e4rifr\u00e5n \u00e4r min ambition att hinna f\u00f6rbi min partibroder Johnny Munkhammars valanalysm\u00f6te med oss ledam\u00f6ter\u00a0p\u00e5 Stockholmsb\u00e4nken.<\/p>\n<p>Klockan 18.00 \u00e4r det s\u00e5 dags f\u00f6r samkv\u00e4m med Moderatkvinnorna, som bes\u00f6ks av den tidigare landsh\u00f6vdingen <a href=\"http:\/\/www.svd.se\/opinion\/brannpunkt\/hardare-granskning-nar-kvinnor-gor-fel_3313769.svd\">Anita Br\u00e5kenhielm<\/a>. Nej, jag s\u00e4ger inte att jag var ett stort fan av henne, just d\u00e4rf\u00f6r kan det bli intressant!<\/p>\n<p><strong>Torsdag morgon<\/strong> \u00e4r det sedan f\u00f6rm\u00f6te med alliansen i Civilutskottet, f\u00f6ljt av utskottssammantr\u00e4de. Klockan 14.00 \u00e4r det fr\u00e5gestund med statsministern, och d\u00e5 b\u00f6r vi visa v\u00e5rt intresse genom att n\u00e4rvara i kammaren.<\/p>\n<p>N\u00e5gon som har tips om kul fr\u00e5ga?<\/p>\n<p><strong>Sj\u00e4lv b\u00f6rjar jag<\/strong> bli r\u00e4tt tr\u00f6tt.<\/p>\n","protected":false},"excerpt":{"rendered":"<p>I kv\u00e4ll har jag varit p\u00e5 jurymiddag hos Tenzing. Under en god m\u00e5ltid enades vi om vem som ska bli \u00e5rets Tenzingvinnare. \u00a0Den 24 november blir det offentligt, men s\u00e5 mycket kan jag s\u00e4ga att\u00a0min kandidat vann inte, den h\u00e4r g\u00e5ngen&#8230; I \u00a0dag har jag ocks\u00e5 uttalat mig f\u00f6r f\u00f6rsta g\u00e5ngen som ledamot av Civilutskottet.&hellip;<\/p>\n<p class=\"more-link-p\"><a class=\"more-link\" href=\"https:\/\/www.mariaabrahamsson.nu\/index.php\/2010\/11\/09\/ocksa-en-dag-men-vilken-dag\/\">Read more &rarr;<\/a><\/p>\n","protected":false},"author":2,"featured_media":0,"comment_status":"open","ping_status":"open","sticky":false,"template":"","format":"standard","meta":{"footnotes":""},"categories":[1],"tags":[],"class_list":["post-3659","post","type-post","status-publish","format-standard","hentry","category-uncategorized"],"_links":{"self":[{"href":"https:\/\/www.mariaabrahamsson.nu\/index.php\/wp-json\/wp\/v2\/posts\/3659","targetHints":{"allow":["GET"]}}],"collection":[{"href":"https:\/\/www.mariaabrahamsson.nu\/index.php\/wp-json\/wp\/v2\/posts"}],"about":[{"href":"https:\/\/www.mariaabrahamsson.nu\/index.php\/wp-json\/wp\/v2\/types\/post"}],"author":[{"embeddable":true,"href":"https:\/\/www.mariaabrahamsson.nu\/index.php\/wp-json\/wp\/v2\/users\/2"}],"replies":[{"embeddable":true,"href":"https:\/\/www.mariaabrahamsson.nu\/index.php\/wp-json\/wp\/v2\/comments?post=3659"}],"version-history":[{"count":0,"href":"https:\/\/www.mariaabrahamsson.nu\/index.php\/wp-json\/wp\/v2\/posts\/3659\/revisions"}],"wp:attachment":[{"href":"https:\/\/www.mariaabrahamsson.nu\/index.php\/wp-json\/wp\/v2\/media?parent=3659"}],"wp:term":[{"taxonomy":"category","embeddable":true,"href":"https:\/\/www.mariaabrahamsson.nu\/index.php\/wp-json\/wp\/v2\/categories?post=3659"},{"taxonomy":"post_tag","embeddable":true,"href":"https:\/\/www.mariaabrahamsson.nu\/index.php\/wp-json\/wp\/v2\/tags?post=3659"}],"curies":[{"name":"wp","href":"https:\/\/api.w.org\/{rel}","templated":true}]}}