{"id":3612,"date":"2010-11-03T21:36:34","date_gmt":"2010-11-03T20:36:34","guid":{"rendered":"http:\/\/www.mariaabrahamsson.nu\/?p=3612"},"modified":"2010-11-03T21:45:06","modified_gmt":"2010-11-03T20:45:06","slug":"en-lang-dag-i-en-nyklackt-riksdagsledamots-liv","status":"publish","type":"post","link":"https:\/\/www.mariaabrahamsson.nu\/index.php\/2010\/11\/03\/en-lang-dag-i-en-nyklackt-riksdagsledamots-liv\/","title":{"rendered":"En l\u00e5ng dag i en riksdagsledamots liv"},"content":{"rendered":"<p><strong>Kvart i fem ringde<\/strong> v\u00e4ckarklockan i morse, p\u00e5 <a href=\"http:\/\/www.elite.se\/hotell\/goteborg\/plaza\/\">Elite Hotell <\/a>i G\u00f6teborg. Tr\u00f6tt men glad l\u00e4t jag mig \u00e5terb\u00f6rdas till huvudstaden. Tusen tack f\u00f6r alla glada tillrop i g\u00e5r kv\u00e4ll och i dag med anledningen av min medverkan \u00a0i tisdagskv\u00e4llens SVT Debatt!<\/p>\n<p>F\u00f6r visst gick det alla tiders\u00a0<a href=\"http:\/\/svtdebatt.se\/2010\/11\/debatt-211-mediedrevet-mot-arkelsten-och-polisens-agerande-vid-bombhotet\/\">bra<\/a>!\u00a0\u00a0Och\u00a0precis som jag f\u00f6rutsp\u00e5dde i min slutreplik, inte heller i fallet <a href=\"http:\/\/svt.se\/2.22620\/1.2223274\/ingen_forundersokning_om_sahlins_tennisbiljetter\">Mona Sahlins<\/a> eftertraktade tennisbiljetter finner \u00e5klagaren anledning att inleda\u00a0f\u00f6runders\u00f6kning om mutbrott. Att \u00e5klagaren \u00f6ver huvud taget tog upp denna struntfr\u00e5ga kan knappast ha berott p\u00e5 annat \u00e4n en \u00e4ngslig politisk korrekthet. En betydligt allvarligare r\u00e4ttssak \u00e4r polisens <a href=\"http:\/\/svt.se\/2.34007\/1.2222616\/valdsam_insats_mot_bombvittne?lid=puff_2222616&amp;lpos=rubrik\">brutala gripande<\/a> i G\u00f6teborg.<\/p>\n<p>Hur som helst. I morse klockan 9.00 satt jag g\u00e4spande p\u00e5 min stol i Kammaren och lyssnade p\u00e5 Mona Sahlin. Som f\u00f6retr\u00e4dare f\u00f6r det st\u00f6rsta oppositionspartiet inledde hon riksdags\u00e5rets f\u00f6rsta partiledardebatt, d\u00e4refter tog statsminister Fredrik Reinfeldt vid, f\u00f6ljd av Milj\u00f6partiets Peter Eriksson.<\/p>\n<p><strong>N\u00e5got s\u00e4ger det<\/strong> v\u00e4l om humorniv\u00e5n i kammaren denna f\u00f6rmiddag n\u00e4r Eriksson drog ner partiledardebattens f\u00f6rsta skrattsalva d\u00e5 han konstaterade (p\u00e5 ett ungef\u00e4r): &#8221;F\u00f6r f\u00f6rsta g\u00e5ngen f\u00e5r jag h\u00e5lla mitt anf\u00f6rande innan Ekot bryter f\u00f6r lunchs\u00e4ndning&#8221;. Men visst, det sammanfattar ganska mitt i prick Milj\u00f6partiets valframg\u00e5ng.<\/p>\n<p>Klockan 13.00 var det dags f\u00f6r kommitt\u00e9m\u00f6te med moderatkompisarna i Civilutskottet. Vi gick igenom \u00e4rendena inf\u00f6r morgondagens utskottssammantr\u00e4de och pratade litet om s\u00e5dant som h\u00f6r till det interna partiarbetet.<\/p>\n<p><strong>\u00c5ter p\u00e5 tj\u00e4nsterummet<\/strong> n\u00e5gon timme senare f\u00f6rlorade jag mig i slutputsen av mitt jungfrutal inf\u00f6r torsdagens forts\u00e4ttning p\u00e5 den allm\u00e4npolitiska debatten. Om man kan lita p\u00e5 Kammarkansliets prelimin\u00e4ra talarlista b\u00f6r jag vara redo att \u00e4ntra talarstolen n\u00e5gonstans mellan klockan 16 och 18 i morgon eftermiddag. Jag lovar, mina sex minuter i storpolitiken kommer att l\u00e4ggas ut h\u00e4r, ni kan lita p\u00e5 mig!<\/p>\n<p>Ja, s\u00e5 klockan 15.30 lj\u00f6d voteringsklockan. Hj\u00e4lp, vilken knapp ska jag trycka p\u00e5 nu, t\u00e4nkte jag, fullst\u00e4ndigt renons p\u00e5 vad det hela handlade om. \u00c5ter b\u00e4nkad p\u00e5 plats 314 f\u00f6rstod jag att statsministern skulle informera riksdagen om hans senaste Ministerr\u00e5dsm\u00f6te i Bryssel. Jo, f\u00f6rl\u00e5t, men d\u00e5 tvingades jag skamset undertrycka en g\u00e4spning.<\/p>\n<p><strong>Vad finns det d\u00e5 mer<\/strong> att s\u00e4ga om denna m\u00e4rkv\u00e4rdiga dag? Kanske att jag nobbad TV4 som p\u00e5 fullt allvar menade att jag visst borde vara med i aftonens <a href=\"http:\/\/www.tv4.se\/2.747\/kvallsoppet_med_ekdal\">Kv\u00e4lls\u00f6ppet<\/a> med Lennart Ekdal och diskutera den i dagarna stort uppm\u00e4rksammade\u00a0<a href=\"http:\/\/www.lindco.se\/\">boken <\/a>om Kungen. Jag recenserar den g\u00e4rna, men inte f\u00f6rr\u00e4n jag har l\u00e4st den&#8230;<\/p>\n<p>En st\u00f6rre sorg (om \u00e4n inte f\u00f6r\u00a0<a href=\"http:\/\/www.youtube.com\/watch?v=rNiQNdmEv_g\">G\u00f6teborg<\/a>) \u00e4r att jag missade h\u00f6stens f\u00f6rsta talarkv\u00e4ll hos <a href=\"http:\/\/www.oppnamoderater.se\/\">\u00d6ppna Moderater <\/a>dit RFSL:s nya f\u00f6rbundsordf\u00f6rande <a href=\"http:\/\/www.rfsl.se\/?p=4257&amp;aid=11762\">Ulrika Westerlund<\/a> var inbjuden f\u00f6r att tala. I b\u00e4sta fall blir det fler tillf\u00e4llen. Hoppas p\u00e5 det!<\/p>\n","protected":false},"excerpt":{"rendered":"<p>Kvart i fem ringde v\u00e4ckarklockan i morse, p\u00e5 Elite Hotell i G\u00f6teborg. Tr\u00f6tt men glad l\u00e4t jag mig \u00e5terb\u00f6rdas till huvudstaden. Tusen tack f\u00f6r alla glada tillrop i g\u00e5r kv\u00e4ll och i dag med anledningen av min medverkan \u00a0i tisdagskv\u00e4llens SVT Debatt! F\u00f6r visst gick det alla tiders\u00a0bra!\u00a0\u00a0Och\u00a0precis som jag f\u00f6rutsp\u00e5dde i min slutreplik, inte&hellip;<\/p>\n<p class=\"more-link-p\"><a class=\"more-link\" href=\"https:\/\/www.mariaabrahamsson.nu\/index.php\/2010\/11\/03\/en-lang-dag-i-en-nyklackt-riksdagsledamots-liv\/\">Read more &rarr;<\/a><\/p>\n","protected":false},"author":2,"featured_media":0,"comment_status":"open","ping_status":"open","sticky":false,"template":"","format":"standard","meta":{"footnotes":""},"categories":[1],"tags":[],"class_list":["post-3612","post","type-post","status-publish","format-standard","hentry","category-uncategorized"],"_links":{"self":[{"href":"https:\/\/www.mariaabrahamsson.nu\/index.php\/wp-json\/wp\/v2\/posts\/3612","targetHints":{"allow":["GET"]}}],"collection":[{"href":"https:\/\/www.mariaabrahamsson.nu\/index.php\/wp-json\/wp\/v2\/posts"}],"about":[{"href":"https:\/\/www.mariaabrahamsson.nu\/index.php\/wp-json\/wp\/v2\/types\/post"}],"author":[{"embeddable":true,"href":"https:\/\/www.mariaabrahamsson.nu\/index.php\/wp-json\/wp\/v2\/users\/2"}],"replies":[{"embeddable":true,"href":"https:\/\/www.mariaabrahamsson.nu\/index.php\/wp-json\/wp\/v2\/comments?post=3612"}],"version-history":[{"count":0,"href":"https:\/\/www.mariaabrahamsson.nu\/index.php\/wp-json\/wp\/v2\/posts\/3612\/revisions"}],"wp:attachment":[{"href":"https:\/\/www.mariaabrahamsson.nu\/index.php\/wp-json\/wp\/v2\/media?parent=3612"}],"wp:term":[{"taxonomy":"category","embeddable":true,"href":"https:\/\/www.mariaabrahamsson.nu\/index.php\/wp-json\/wp\/v2\/categories?post=3612"},{"taxonomy":"post_tag","embeddable":true,"href":"https:\/\/www.mariaabrahamsson.nu\/index.php\/wp-json\/wp\/v2\/tags?post=3612"}],"curies":[{"name":"wp","href":"https:\/\/api.w.org\/{rel}","templated":true}]}}