{"id":3511,"date":"2010-10-26T20:30:17","date_gmt":"2010-10-26T20:30:17","guid":{"rendered":"http:\/\/www.mariaabrahamsson.nu\/?p=3511"},"modified":"2010-10-26T20:30:24","modified_gmt":"2010-10-26T20:30:24","slug":"tv-sanda-rattegangar-vinner-terrang","status":"publish","type":"post","link":"https:\/\/www.mariaabrahamsson.nu\/index.php\/2010\/10\/26\/tv-sanda-rattegangar-vinner-terrang\/","title":{"rendered":"TV-s\u00e4nda r\u00e4tteg\u00e5ngar vinner terr\u00e4ng"},"content":{"rendered":"<p><strong>Hemma fr\u00e5n minglandet <\/strong>hos Salvatore Grimaldis ny\u00f6ppnade\u00a0<a href=\"http:\/\/niklasinstedt.blogspot.com\/2010\/10\/blog-post.html\">Bianchi Caf\u00e9 &amp; Cycling<\/a>. Ovanligt givande. Cyklar och snittar i v\u00e4rldsklass hade lockat\u00a0fler politiker, f\u00f6retagare och andra intressanta m\u00e4nniskor \u00e4n brukligt vid den h\u00e4r typen av tillst\u00e4llningar. I tr\u00e4ngseln fick jag plats att byta n\u00e5gra mer eller mindre v\u00e4l valda ord med s\u00e5v\u00e4l socialdemokraternas <a href=\"http:\/\/www.dn.se\/nyheter\/politik\/sahlin-sparkar-par-nuder-1.517363\">P\u00e4r Nuder <\/a>och <a href=\"http:\/\/www.google.com\/imgres?imgurl=http:\/\/data.riksdagen.se\/filarkiv\/bilder\/ledamot\/0542215898226_max.jpg&amp;imgrefurl=http:\/\/www.riksdagen.se\/Webbnav\/%3Fnid%3D1111%26iid%3D0542215898226&amp;h=3264&amp;w=2448&amp;sz=720&amp;tbnid=X-r7mAhZDKShjM:&amp;tbnh=150&amp;tbnw=113&amp;prev=\/images%3Fq%3Djan-emanuel%2Bjohansson&amp;zoom=1&amp;q=jan-emanuel+johansson&amp;usg=__l3FNZJzOdAzVIO-ine59MFqQMr8=&amp;sa=X&amp;ei=airHTPGZOojpObnNvfAB&amp;ved=0CCYQ9QEwBA\">Jan-Emanuel Johansson<\/a> som med milj\u00f6partiets <a href=\"http:\/\/blogg.svd.se\/ledarbloggen?id=19971\">Yvonne Ruwaida<\/a>. Samt med stadens senaste politiska stj\u00e4rnskott, <a href=\"http:\/\/sscobloggen.wordpress.com\/2010\/10\/14\/ssco-gratulerar-regina-kevius-och-joakim-larsson\/\">stadsbyggnadsborgarr\u00e5det<\/a> Regina Kevius. (Kanske borde hon fundera p\u00e5 en enklare titel?)<\/p>\n<p>Om jag saknar Nuder och Ruwaida i den inrikespolitiska debatten? Sorry, vad som yppas p\u00e5 mingeltillst\u00e4llningar yppas just d\u00e4r.<\/p>\n<p><strong>Mer pratglad kan<\/strong> jag vara kring min motion om att inleda en f\u00f6rs\u00f6ksverksamhet (obs! f\u00f6rs\u00f6ksverksamhet) med\u00a0<a href=\"http:\/\/www.riksdagen.se\/webbnav\/index.aspx?nid=410&amp;dok_id=GY02XM1474\">tv-s\u00e4nda r\u00e4tteg\u00e5ngar<\/a>.<\/p>\n<p>Jaja, motionen har sin upprinnelse i en <a href=\"http:\/\/www.timbro.se\/innehall\/?isbn=9175665337&amp;flik=4\">Timbro-rapport<\/a>. Men det intressanta \u00e4r att entr\u00e4get opinonsarbete l\u00f6nar sig, annars hade min motion aldrig f\u00e5tt det hyfsat goda mediala genomslag som den har f\u00e5tt <a href=\"http:\/\/www.dagensmedia.se\/nyheter\/tv\/article2496561.ece\">h\u00e4r<\/a>, <a href=\"http:\/\/www.dagensmedia.se\/nyheter\/tv\/article2496949.ece\">h\u00e4r<\/a> och\u00a0<a href=\"http:\/\/www.medievarlden.se\/diskussion\/2010\/10\/tv-sanda-rattegangar-later-medborgarna-granska-domsmakten\">h\u00e4r<\/a>.<\/p>\n<p><strong>En del missf\u00f6rst\u00e5nd<\/strong> \u00e5terst\u00e5r dock att skingra. Till exempel tror s\u00e5v\u00e4l SVT som Expressen (framg\u00e5r av l\u00e4nkarna ovan) att tv-s\u00e4nda r\u00e4tteg\u00e5ngar kan skada brottsoffren. S\u00e5 kommer det inte att bli, f\u00f6r naturligtvis ska domstolen i varje s\u00e4rskilt fall d\u00e4r den risken finns, liksom hittills kunna besluta om st\u00e4ngda d\u00f6rrar under f\u00f6rh\u00f6r med brottsoffer, och i riktigt k\u00e4nsliga fall besluta om st\u00e4ngda d\u00f6rrar under hela r\u00e4tteg\u00e5ngen.<\/p>\n","protected":false},"excerpt":{"rendered":"<p>Hemma fr\u00e5n minglandet hos Salvatore Grimaldis ny\u00f6ppnade\u00a0Bianchi Caf\u00e9 &amp; Cycling. Ovanligt givande. Cyklar och snittar i v\u00e4rldsklass hade lockat\u00a0fler politiker, f\u00f6retagare och andra intressanta m\u00e4nniskor \u00e4n brukligt vid den h\u00e4r typen av tillst\u00e4llningar. I tr\u00e4ngseln fick jag plats att byta n\u00e5gra mer eller mindre v\u00e4l valda ord med s\u00e5v\u00e4l socialdemokraternas P\u00e4r Nuder och Jan-Emanuel Johansson&hellip;<\/p>\n<p class=\"more-link-p\"><a class=\"more-link\" href=\"https:\/\/www.mariaabrahamsson.nu\/index.php\/2010\/10\/26\/tv-sanda-rattegangar-vinner-terrang\/\">Read more &rarr;<\/a><\/p>\n","protected":false},"author":2,"featured_media":0,"comment_status":"open","ping_status":"open","sticky":false,"template":"","format":"standard","meta":{"footnotes":""},"categories":[1],"tags":[],"class_list":["post-3511","post","type-post","status-publish","format-standard","hentry","category-uncategorized"],"_links":{"self":[{"href":"https:\/\/www.mariaabrahamsson.nu\/index.php\/wp-json\/wp\/v2\/posts\/3511","targetHints":{"allow":["GET"]}}],"collection":[{"href":"https:\/\/www.mariaabrahamsson.nu\/index.php\/wp-json\/wp\/v2\/posts"}],"about":[{"href":"https:\/\/www.mariaabrahamsson.nu\/index.php\/wp-json\/wp\/v2\/types\/post"}],"author":[{"embeddable":true,"href":"https:\/\/www.mariaabrahamsson.nu\/index.php\/wp-json\/wp\/v2\/users\/2"}],"replies":[{"embeddable":true,"href":"https:\/\/www.mariaabrahamsson.nu\/index.php\/wp-json\/wp\/v2\/comments?post=3511"}],"version-history":[{"count":0,"href":"https:\/\/www.mariaabrahamsson.nu\/index.php\/wp-json\/wp\/v2\/posts\/3511\/revisions"}],"wp:attachment":[{"href":"https:\/\/www.mariaabrahamsson.nu\/index.php\/wp-json\/wp\/v2\/media?parent=3511"}],"wp:term":[{"taxonomy":"category","embeddable":true,"href":"https:\/\/www.mariaabrahamsson.nu\/index.php\/wp-json\/wp\/v2\/categories?post=3511"},{"taxonomy":"post_tag","embeddable":true,"href":"https:\/\/www.mariaabrahamsson.nu\/index.php\/wp-json\/wp\/v2\/tags?post=3511"}],"curies":[{"name":"wp","href":"https:\/\/api.w.org\/{rel}","templated":true}]}}