{"id":3506,"date":"2010-10-25T21:01:22","date_gmt":"2010-10-25T21:01:22","guid":{"rendered":"http:\/\/www.mariaabrahamsson.nu\/?p=3506"},"modified":"2010-10-25T21:04:58","modified_gmt":"2010-10-25T21:04:58","slug":"sa-var-fyra-av-mina-fem-motioner-vackta","status":"publish","type":"post","link":"https:\/\/www.mariaabrahamsson.nu\/index.php\/2010\/10\/25\/sa-var-fyra-av-mina-fem-motioner-vackta\/","title":{"rendered":"S\u00e5 var fyra av mina fem motioner v\u00e4ckta"},"content":{"rendered":"<p><strong>Riksdagens allm\u00e4nna motionsperiod<\/strong> tar inte slut f\u00f6rr\u00e4n klockan 16.30 p\u00e5 onsdag. F\u00f6r oss ansvarsfulla regeringsst\u00e4llningsmoderater gick dock deadline ut redan i slutet av f\u00f6rra veckan. Detta f\u00f6r att M-kansliet ska hinna fingranska v\u00e5ra yrkanden innan de matas in i riksdagens tryckpressar och st\u00e4ller till problem f\u00f6r&#8230;finansminister Anders Borg?<\/p>\n<p>Nja, det finns f\u00f6rmodligen fler orsaker. Som att m\u00e5nga ledam\u00f6ter \u00e4r nya och saknar erfarenhet av motionsskrivande. Men visst kan hela fem dagar f\u00f6r intern partigranskning tyckas vara \u00f6verdrivet f\u00f6rsiktigt, f\u00f6r att uttrycka det milt.<\/p>\n<p><strong>Men gissa om jag<\/strong> f\u00f6r egen del \u00e4r glad \u00f6ver att partikansliet har gjort tummen upp f\u00f6r alla mina fem inl\u00e4mnade motioner! Fyra av dem kan du l\u00e4sa <a href=\"http:\/\/www.riksdagen.se\/webbnav\/index.aspx?nid=410&amp;dok_id=GY02XM1395\">h\u00e4r<\/a>, <a href=\"http:\/\/www.riksdagen.se\/webbnav\/index.aspx?nid=410&amp;dok_id=GY02XM1474\">h\u00e4r<\/a>, <a href=\"http:\/\/www.riksdagen.se\/webbnav\/index.aspx?nid=410&amp;dok_id=GY02XM1394\">h\u00e4r<\/a> och <a href=\"http:\/\/www.riksdagen.se\/webbnav\/index.aspx?nid=410&amp;dok_id=GY02XM1392\">h\u00e4r<\/a>. Den femte &#8211; om surrogatm\u00f6drar &#8211; v\u00e4cks i morgon, tillsammans med partikompisen Olof Lavesson.<\/p>\n<p>D\u00e4refter \u00e4r det h\u00f6g tid f\u00f6r mig att b\u00f6rja fundera p\u00e5 vad jag ska s\u00e4ga i mitt jungfrutal i kammaren. Riksdagens allm\u00e4npolitiska debatt b\u00f6rjar den 3 november, f\u00f6r egen del planerar jag att kl\u00e4cka ur mig en 6-minutare. Funderar som b\u00e4st p\u00e5 om riksdagens <a href=\"http:\/\/svtdebatt.se\/2010\/10\/valjarnas-intresse-att-vi-riksdagsledamoter-tar-tjanstledigt\/\">luddiga tj\u00e4nstledighetsreglemente<\/a> kan var ett \u00e4mne?<\/p>\n<p><strong>Eller har du piggare <\/strong>f\u00f6rslag? L\u00e5t mig veta!<\/p>\n","protected":false},"excerpt":{"rendered":"<p>Riksdagens allm\u00e4nna motionsperiod tar inte slut f\u00f6rr\u00e4n klockan 16.30 p\u00e5 onsdag. F\u00f6r oss ansvarsfulla regeringsst\u00e4llningsmoderater gick dock deadline ut redan i slutet av f\u00f6rra veckan. Detta f\u00f6r att M-kansliet ska hinna fingranska v\u00e5ra yrkanden innan de matas in i riksdagens tryckpressar och st\u00e4ller till problem f\u00f6r&#8230;finansminister Anders Borg? Nja, det finns f\u00f6rmodligen fler orsaker. Som&hellip;<\/p>\n<p class=\"more-link-p\"><a class=\"more-link\" href=\"https:\/\/www.mariaabrahamsson.nu\/index.php\/2010\/10\/25\/sa-var-fyra-av-mina-fem-motioner-vackta\/\">Read more &rarr;<\/a><\/p>\n","protected":false},"author":2,"featured_media":0,"comment_status":"open","ping_status":"open","sticky":false,"template":"","format":"standard","meta":{"footnotes":""},"categories":[1],"tags":[],"class_list":["post-3506","post","type-post","status-publish","format-standard","hentry","category-uncategorized"],"_links":{"self":[{"href":"https:\/\/www.mariaabrahamsson.nu\/index.php\/wp-json\/wp\/v2\/posts\/3506","targetHints":{"allow":["GET"]}}],"collection":[{"href":"https:\/\/www.mariaabrahamsson.nu\/index.php\/wp-json\/wp\/v2\/posts"}],"about":[{"href":"https:\/\/www.mariaabrahamsson.nu\/index.php\/wp-json\/wp\/v2\/types\/post"}],"author":[{"embeddable":true,"href":"https:\/\/www.mariaabrahamsson.nu\/index.php\/wp-json\/wp\/v2\/users\/2"}],"replies":[{"embeddable":true,"href":"https:\/\/www.mariaabrahamsson.nu\/index.php\/wp-json\/wp\/v2\/comments?post=3506"}],"version-history":[{"count":0,"href":"https:\/\/www.mariaabrahamsson.nu\/index.php\/wp-json\/wp\/v2\/posts\/3506\/revisions"}],"wp:attachment":[{"href":"https:\/\/www.mariaabrahamsson.nu\/index.php\/wp-json\/wp\/v2\/media?parent=3506"}],"wp:term":[{"taxonomy":"category","embeddable":true,"href":"https:\/\/www.mariaabrahamsson.nu\/index.php\/wp-json\/wp\/v2\/categories?post=3506"},{"taxonomy":"post_tag","embeddable":true,"href":"https:\/\/www.mariaabrahamsson.nu\/index.php\/wp-json\/wp\/v2\/tags?post=3506"}],"curies":[{"name":"wp","href":"https:\/\/api.w.org\/{rel}","templated":true}]}}