{"id":3457,"date":"2010-10-18T18:49:09","date_gmt":"2010-10-18T18:49:09","guid":{"rendered":"http:\/\/www.mariaabrahamsson.nu\/?p=3457"},"modified":"2010-10-18T18:51:29","modified_gmt":"2010-10-18T18:51:29","slug":"motionstiden-harjar-som-bast","status":"publish","type":"post","link":"https:\/\/www.mariaabrahamsson.nu\/index.php\/2010\/10\/18\/motionstiden-harjar-som-bast\/","title":{"rendered":"Motionstiden h\u00e4rjar som b\u00e4st"},"content":{"rendered":"<p><strong>Nej, jag tror <\/strong>inte att ni \u00e4r sjuka av saknad och undrar vart jag har tagit v\u00e4gen. D\u00e4remot g\u00f6r jag det sj\u00e4lv, inte minst n\u00e4r jag kollar in den obefintliga aktiviteten p\u00e5 bloggen. Beklagar, men det \u00e4r lite sn\u00e4rjigt minst sagt, i riksdagen h\u00e4rjar den allm\u00e4nna motionsperioden och jag har f\u00f6rtr\u00e4ngt att jag en g\u00e5ng ville avskaffa den.<\/p>\n<p>Vi i regeringsst\u00e4llning (jo, vi s\u00e4ger s\u00e5) ska s\u00e5 klart inte massproducera motionsf\u00f6rslag som kan l\u00e4gga krokben f\u00f6r regeringen. Men en och annan k\u00e4pph\u00e4st m\u00e5ste jag \u00e4nd\u00e5 rykta nu n\u00e4r jag har chansen att f\u00e5 svart och vitt p\u00e5 mina tankar i riksdagstrycket. Det sm\u00e4ller i mitt tycke sn\u00e4ppet h\u00f6gre \u00e4n i SvD&#8230;<\/p>\n<p><strong>Hur som helst,<\/strong> jag har fram tills i dag skrivit fyra motioner: en om tv-s\u00e4nda r\u00e4tteg\u00e5ngar, en om n\u00e4mndemannasystemet, en om Br\u00e5 och en om riksdagens r\u00e4tt mossiga regler f\u00f6r att bevilja ledam\u00f6ter ledighet. I morgon ger jag mig i kast med en femte, om surrogatm\u00f6drar. \u00c5terst\u00e5r att se vilka kansliets censuravdelning har inv\u00e4ndningar mot. Ingen, hoppas jag!<\/p>\n<p>S\u00e5 mycket mysinredning av nya riksdagsrummet har inte hunnits med, men ett nyink\u00f6pt kylsk\u00e5p modell micromini finns i alla fall intr\u00e4ngt vid tv:n!<\/p>\n<div id=\"attachment_3462\" style=\"width: 310px\" class=\"wp-caption alignleft\"><a href=\"http:\/\/www.mariaabrahamsson.nu\/wp-content\/uploads\/2010\/10\/kylsk\u00e5p.jpeg\"><img loading=\"lazy\" decoding=\"async\" aria-describedby=\"caption-attachment-3462\" class=\"size-medium wp-image-3462\" title=\"kylsk\u00e5p\" src=\"http:\/\/www.mariaabrahamsson.nu\/wp-content\/uploads\/2010\/10\/kylsk\u00e5p-300x225.jpg\" alt=\"\" width=\"300\" height=\"225\" srcset=\"https:\/\/www.mariaabrahamsson.nu\/wp-content\/uploads\/2010\/10\/kylsk\u00e5p-300x225.jpg 300w, https:\/\/www.mariaabrahamsson.nu\/wp-content\/uploads\/2010\/10\/kylsk\u00e5p.jpeg 640w\" sizes=\"auto, (max-width: 300px) 100vw, 300px\" \/><\/a><p id=\"caption-attachment-3462\" class=\"wp-caption-text\">Fiffigast av allt \u00e4r att detta lilla sk\u00e5p \u00e4ven kan anv\u00e4ndas som v\u00e4rmeugn. Forts\u00e4ttning f\u00f6ljer.<\/p><\/div>\n","protected":false},"excerpt":{"rendered":"<p>Nej, jag tror inte att ni \u00e4r sjuka av saknad och undrar vart jag har tagit v\u00e4gen. D\u00e4remot g\u00f6r jag det sj\u00e4lv, inte minst n\u00e4r jag kollar in den obefintliga aktiviteten p\u00e5 bloggen. Beklagar, men det \u00e4r lite sn\u00e4rjigt minst sagt, i riksdagen h\u00e4rjar den allm\u00e4nna motionsperioden och jag har f\u00f6rtr\u00e4ngt att jag en g\u00e5ng&hellip;<\/p>\n<p class=\"more-link-p\"><a class=\"more-link\" href=\"https:\/\/www.mariaabrahamsson.nu\/index.php\/2010\/10\/18\/motionstiden-harjar-som-bast\/\">Read more &rarr;<\/a><\/p>\n","protected":false},"author":2,"featured_media":0,"comment_status":"open","ping_status":"open","sticky":false,"template":"","format":"standard","meta":{"footnotes":""},"categories":[1],"tags":[],"class_list":["post-3457","post","type-post","status-publish","format-standard","hentry","category-uncategorized"],"_links":{"self":[{"href":"https:\/\/www.mariaabrahamsson.nu\/index.php\/wp-json\/wp\/v2\/posts\/3457","targetHints":{"allow":["GET"]}}],"collection":[{"href":"https:\/\/www.mariaabrahamsson.nu\/index.php\/wp-json\/wp\/v2\/posts"}],"about":[{"href":"https:\/\/www.mariaabrahamsson.nu\/index.php\/wp-json\/wp\/v2\/types\/post"}],"author":[{"embeddable":true,"href":"https:\/\/www.mariaabrahamsson.nu\/index.php\/wp-json\/wp\/v2\/users\/2"}],"replies":[{"embeddable":true,"href":"https:\/\/www.mariaabrahamsson.nu\/index.php\/wp-json\/wp\/v2\/comments?post=3457"}],"version-history":[{"count":0,"href":"https:\/\/www.mariaabrahamsson.nu\/index.php\/wp-json\/wp\/v2\/posts\/3457\/revisions"}],"wp:attachment":[{"href":"https:\/\/www.mariaabrahamsson.nu\/index.php\/wp-json\/wp\/v2\/media?parent=3457"}],"wp:term":[{"taxonomy":"category","embeddable":true,"href":"https:\/\/www.mariaabrahamsson.nu\/index.php\/wp-json\/wp\/v2\/categories?post=3457"},{"taxonomy":"post_tag","embeddable":true,"href":"https:\/\/www.mariaabrahamsson.nu\/index.php\/wp-json\/wp\/v2\/tags?post=3457"}],"curies":[{"name":"wp","href":"https:\/\/api.w.org\/{rel}","templated":true}]}}