{"id":3452,"date":"2010-10-15T20:54:07","date_gmt":"2010-10-15T20:54:07","guid":{"rendered":"http:\/\/www.mariaabrahamsson.nu\/?p=3452"},"modified":"2010-10-15T22:05:43","modified_gmt":"2010-10-15T22:05:43","slug":"glomde-jag-johan","status":"publish","type":"post","link":"https:\/\/www.mariaabrahamsson.nu\/index.php\/2010\/10\/15\/glomde-jag-johan\/","title":{"rendered":"Gl\u00f6mde jag Johan&#8230;?"},"content":{"rendered":"<p>&#8230;s\u00e5 typiskt, f\u00f6r det var\u00a0<a href=\"http:\/\/www.gogab.se\/\">Johan Groth <\/a>som i f\u00f6rmiddags hj\u00e4lpte mig att f\u00e5 den nya snygga bloggvinjettbilden p\u00e5 plats! Med mera.<\/p>\n<p>Johan \u00e4r inte vem som helst, han och jag slavade samtidigt \u00e5t de moderata riksdagsledam\u00f6terna p\u00e5 M-kansliet under 1990-talet. D\u00e5 hette partiledaren Carl Bildt.<\/p>\n<p><strong>Och nu \u00e4r jag<\/strong> riksdagsledamot, och Johan&#8230;slavar \u00e5t mig&#8230;<\/p>\n","protected":false},"excerpt":{"rendered":"<p>&#8230;s\u00e5 typiskt, f\u00f6r det var\u00a0Johan Groth som i f\u00f6rmiddags hj\u00e4lpte mig att f\u00e5 den nya snygga bloggvinjettbilden p\u00e5 plats! Med mera. Johan \u00e4r inte vem som helst, han och jag slavade samtidigt \u00e5t de moderata riksdagsledam\u00f6terna p\u00e5 M-kansliet under 1990-talet. D\u00e5 hette partiledaren Carl Bildt. Och nu \u00e4r jag riksdagsledamot, och Johan&#8230;slavar \u00e5t mig&#8230;<\/p>\n<p class=\"more-link-p\"><a class=\"more-link\" href=\"https:\/\/www.mariaabrahamsson.nu\/index.php\/2010\/10\/15\/glomde-jag-johan\/\">Read more &rarr;<\/a><\/p>\n","protected":false},"author":2,"featured_media":0,"comment_status":"open","ping_status":"open","sticky":false,"template":"","format":"standard","meta":{"footnotes":""},"categories":[1],"tags":[],"class_list":["post-3452","post","type-post","status-publish","format-standard","hentry","category-uncategorized"],"_links":{"self":[{"href":"https:\/\/www.mariaabrahamsson.nu\/index.php\/wp-json\/wp\/v2\/posts\/3452","targetHints":{"allow":["GET"]}}],"collection":[{"href":"https:\/\/www.mariaabrahamsson.nu\/index.php\/wp-json\/wp\/v2\/posts"}],"about":[{"href":"https:\/\/www.mariaabrahamsson.nu\/index.php\/wp-json\/wp\/v2\/types\/post"}],"author":[{"embeddable":true,"href":"https:\/\/www.mariaabrahamsson.nu\/index.php\/wp-json\/wp\/v2\/users\/2"}],"replies":[{"embeddable":true,"href":"https:\/\/www.mariaabrahamsson.nu\/index.php\/wp-json\/wp\/v2\/comments?post=3452"}],"version-history":[{"count":0,"href":"https:\/\/www.mariaabrahamsson.nu\/index.php\/wp-json\/wp\/v2\/posts\/3452\/revisions"}],"wp:attachment":[{"href":"https:\/\/www.mariaabrahamsson.nu\/index.php\/wp-json\/wp\/v2\/media?parent=3452"}],"wp:term":[{"taxonomy":"category","embeddable":true,"href":"https:\/\/www.mariaabrahamsson.nu\/index.php\/wp-json\/wp\/v2\/categories?post=3452"},{"taxonomy":"post_tag","embeddable":true,"href":"https:\/\/www.mariaabrahamsson.nu\/index.php\/wp-json\/wp\/v2\/tags?post=3452"}],"curies":[{"name":"wp","href":"https:\/\/api.w.org\/{rel}","templated":true}]}}