{"id":345,"date":"2009-11-08T21:39:42","date_gmt":"2009-11-08T20:39:42","guid":{"rendered":"http:\/\/www.mariaabrahamsson.nu\/?p=345"},"modified":"2020-11-01T11:35:11","modified_gmt":"2020-11-01T10:35:11","slug":"aven-ohly-borde-fa-ga-fore-i-sprutkon","status":"publish","type":"post","link":"https:\/\/www.mariaabrahamsson.nu\/index.php\/2009\/11\/08\/aven-ohly-borde-fa-ga-fore-i-sprutkon\/","title":{"rendered":"\u00c4ven Ohly borde f\u00e5 g\u00e5 f\u00f6re i sprutk\u00f6n"},"content":{"rendered":"<p><strong>Nej, jag kan inte<\/strong> bli uppr\u00f6rd \u00f6ver att politiska beslutsfattare <a href=\"http:\/\/www.aftonbladet.se\/nyheter\/article6086400.ab\">g\u00e5r f\u00f6re i vaccinationsk\u00f6erna<\/a>. Aftonbladet g\u00f6r vad man kan f\u00f6r att piska upp indignationsv\u00e5gorna. Sj\u00e4lv tycker jag att det \u00e4r sj\u00e4lvklart att Kungahuset, v\u00e5ra folkvalda, partiledarna, statsministern och andra centralfigurer i samh\u00e4llet borde f\u00e5 g\u00e5 f\u00f6re i sprutk\u00f6n.<\/p>\n<p><strong>Fr\u00e5gan handlar \u00f6ver<\/strong> huvud taget inte om att vissa m\u00e4nniskor skulle vara mer v\u00e4rda \u00e4n andra, som vaccinationsminister Maria Larsson och andra nerv\u00f6sa myndighetspersoner har <a href=\"http:\/\/www.sr.se\/cgi-bin\/ekot\/artikel.asp?Artikel=3222641\">gjort g\u00e4llande<\/a> i helgen. Sanningen \u00e4r att vissa samh\u00e4llsfunktioner \u00e4r viktigare \u00e4n andra, och det m\u00e5ste man ocks\u00e5 v\u00e5ga s\u00e4ga. Allra helst om man \u00e4r ett av regeringens statsr\u00e5d.<\/p>\n","protected":false},"excerpt":{"rendered":"<p>Nej, jag kan inte bli uppr\u00f6rd \u00f6ver att politiska beslutsfattare g\u00e5r f\u00f6re i vaccinationsk\u00f6erna. Aftonbladet g\u00f6r vad man kan f\u00f6r att piska upp indignationsv\u00e5gorna. Sj\u00e4lv tycker jag att det \u00e4r sj\u00e4lvklart att Kungahuset, v\u00e5ra folkvalda, partiledarna, statsministern och andra centralfigurer i samh\u00e4llet borde f\u00e5 g\u00e5 f\u00f6re i sprutk\u00f6n. Fr\u00e5gan handlar \u00f6ver huvud taget inte om&hellip;<\/p>\n<p class=\"more-link-p\"><a class=\"more-link\" href=\"https:\/\/www.mariaabrahamsson.nu\/index.php\/2009\/11\/08\/aven-ohly-borde-fa-ga-fore-i-sprutkon\/\">Read more &rarr;<\/a><\/p>\n","protected":false},"author":2,"featured_media":0,"comment_status":"closed","ping_status":"open","sticky":false,"template":"","format":"standard","meta":{"footnotes":""},"categories":[1],"tags":[246],"class_list":["post-345","post","type-post","status-publish","format-standard","hentry","category-uncategorized","tag-sprutor"],"_links":{"self":[{"href":"https:\/\/www.mariaabrahamsson.nu\/index.php\/wp-json\/wp\/v2\/posts\/345","targetHints":{"allow":["GET"]}}],"collection":[{"href":"https:\/\/www.mariaabrahamsson.nu\/index.php\/wp-json\/wp\/v2\/posts"}],"about":[{"href":"https:\/\/www.mariaabrahamsson.nu\/index.php\/wp-json\/wp\/v2\/types\/post"}],"author":[{"embeddable":true,"href":"https:\/\/www.mariaabrahamsson.nu\/index.php\/wp-json\/wp\/v2\/users\/2"}],"replies":[{"embeddable":true,"href":"https:\/\/www.mariaabrahamsson.nu\/index.php\/wp-json\/wp\/v2\/comments?post=345"}],"version-history":[{"count":1,"href":"https:\/\/www.mariaabrahamsson.nu\/index.php\/wp-json\/wp\/v2\/posts\/345\/revisions"}],"predecessor-version":[{"id":13557,"href":"https:\/\/www.mariaabrahamsson.nu\/index.php\/wp-json\/wp\/v2\/posts\/345\/revisions\/13557"}],"wp:attachment":[{"href":"https:\/\/www.mariaabrahamsson.nu\/index.php\/wp-json\/wp\/v2\/media?parent=345"}],"wp:term":[{"taxonomy":"category","embeddable":true,"href":"https:\/\/www.mariaabrahamsson.nu\/index.php\/wp-json\/wp\/v2\/categories?post=345"},{"taxonomy":"post_tag","embeddable":true,"href":"https:\/\/www.mariaabrahamsson.nu\/index.php\/wp-json\/wp\/v2\/tags?post=345"}],"curies":[{"name":"wp","href":"https:\/\/api.w.org\/{rel}","templated":true}]}}