{"id":336,"date":"2009-11-07T13:08:46","date_gmt":"2009-11-07T12:08:46","guid":{"rendered":"http:\/\/www.mariaabrahamsson.nu\/?p=336"},"modified":"2020-11-01T11:36:40","modified_gmt":"2020-11-01T10:36:40","slug":"inte-vad-sahlin-vill-hora","status":"publish","type":"post","link":"https:\/\/www.mariaabrahamsson.nu\/index.php\/2009\/11\/07\/inte-vad-sahlin-vill-hora\/","title":{"rendered":"Inte vad Sahlin vill h\u00f6ra"},"content":{"rendered":"<p><strong>&#8211; Vi har f\u00e5tt<\/strong> en liten m\u00e4rklig situation d\u00e4r de r\u00f6dgr\u00f6na skulle kunna tj\u00e4na p\u00e5 att l\u00e5ta Wetterstrand ta debatterna med Reinfeldt i st\u00e4llet f\u00f6r Sahlin.<\/p>\n<p>Det kunde ha varit jag som kl\u00e4ckt ur mig denna elaka sanning om Mona Sahlin. I akt och mening att f\u00f6rs\u00e5tligt s\u00e5 ett litet litet fr\u00f6. Ett fr\u00f6 som skulle ligga och gro i v\u00e4ljarnas hj\u00e4rnor f\u00f6r att v\u00e4xa till sig och g\u00f6ra livet \u00e4nnu surare f\u00f6r socialdemokraternas partiordf\u00f6rande det kommande val\u00e5ret.<\/p>\n<p><strong>Men jag \u00e4r oskyldig<\/strong>. Det tykna konstaterandet \u00e4r Nicklas K\u00e4llebrings, opinionsanalytiker hos Synovate. Bakgrunden \u00e4r att Maria\u00a0Wetterstrand i dagens f\u00f6rtroendem\u00e4tning i <a href=\"http:\/\/www.dn.se\/nyheter\/valet2010\/fortroendet-okar-stort-for-mp-topp-1.989809\">DN <\/a>seglar f\u00f6rbi\u00a0Sahlin\u00a0<a href=\"http:\/\/www.dn.se\/polopoly_fs\/1.989808.1257551548!dnsynowetterstrand.swf\">med h\u00e4stl\u00e4ngder<\/a>.<\/p>\n<p>Ja, \u00e4ven Fredrik Reinfeldts f\u00f6rtroendesiffror sl\u00e5r nytt rekord. Hela 54 procent av v\u00e4ljarna uppger att de har stort f\u00f6rtroende f\u00f6r den moderata statsministern!<\/p>\n<p><strong>Kom i h\u00e5g det p\u00e5 <\/strong>valdagen ocks\u00e5, lyder min fromma f\u00f6rhoppning.<\/p>\n","protected":false},"excerpt":{"rendered":"<p>&#8211; Vi har f\u00e5tt en liten m\u00e4rklig situation d\u00e4r de r\u00f6dgr\u00f6na skulle kunna tj\u00e4na p\u00e5 att l\u00e5ta Wetterstrand ta debatterna med Reinfeldt i st\u00e4llet f\u00f6r Sahlin. Det kunde ha varit jag som kl\u00e4ckt ur mig denna elaka sanning om Mona Sahlin. I akt och mening att f\u00f6rs\u00e5tligt s\u00e5 ett litet litet fr\u00f6. Ett fr\u00f6 som&hellip;<\/p>\n<p class=\"more-link-p\"><a class=\"more-link\" href=\"https:\/\/www.mariaabrahamsson.nu\/index.php\/2009\/11\/07\/inte-vad-sahlin-vill-hora\/\">Read more &rarr;<\/a><\/p>\n","protected":false},"author":2,"featured_media":0,"comment_status":"closed","ping_status":"open","sticky":false,"template":"","format":"standard","meta":{"footnotes":""},"categories":[1],"tags":[233],"class_list":["post-336","post","type-post","status-publish","format-standard","hentry","category-uncategorized","tag-sahlin"],"_links":{"self":[{"href":"https:\/\/www.mariaabrahamsson.nu\/index.php\/wp-json\/wp\/v2\/posts\/336","targetHints":{"allow":["GET"]}}],"collection":[{"href":"https:\/\/www.mariaabrahamsson.nu\/index.php\/wp-json\/wp\/v2\/posts"}],"about":[{"href":"https:\/\/www.mariaabrahamsson.nu\/index.php\/wp-json\/wp\/v2\/types\/post"}],"author":[{"embeddable":true,"href":"https:\/\/www.mariaabrahamsson.nu\/index.php\/wp-json\/wp\/v2\/users\/2"}],"replies":[{"embeddable":true,"href":"https:\/\/www.mariaabrahamsson.nu\/index.php\/wp-json\/wp\/v2\/comments?post=336"}],"version-history":[{"count":1,"href":"https:\/\/www.mariaabrahamsson.nu\/index.php\/wp-json\/wp\/v2\/posts\/336\/revisions"}],"predecessor-version":[{"id":13558,"href":"https:\/\/www.mariaabrahamsson.nu\/index.php\/wp-json\/wp\/v2\/posts\/336\/revisions\/13558"}],"wp:attachment":[{"href":"https:\/\/www.mariaabrahamsson.nu\/index.php\/wp-json\/wp\/v2\/media?parent=336"}],"wp:term":[{"taxonomy":"category","embeddable":true,"href":"https:\/\/www.mariaabrahamsson.nu\/index.php\/wp-json\/wp\/v2\/categories?post=336"},{"taxonomy":"post_tag","embeddable":true,"href":"https:\/\/www.mariaabrahamsson.nu\/index.php\/wp-json\/wp\/v2\/tags?post=336"}],"curies":[{"name":"wp","href":"https:\/\/api.w.org\/{rel}","templated":true}]}}