{"id":3354,"date":"2010-10-03T20:48:29","date_gmt":"2010-10-03T20:48:29","guid":{"rendered":"http:\/\/www.mariaabrahamsson.nu\/?p=3354"},"modified":"2010-10-03T20:58:35","modified_gmt":"2010-10-03T20:58:35","slug":"visste-ni-att-sveriges-riksdag-har-en-tvattstuga","status":"publish","type":"post","link":"https:\/\/www.mariaabrahamsson.nu\/index.php\/2010\/10\/03\/visste-ni-att-sveriges-riksdag-har-en-tvattstuga\/","title":{"rendered":"Visste ni att Sveriges riksdag har en egen tv\u00e4ttstuga?!"},"content":{"rendered":"<p><strong>I dag har <\/strong>jag avverkat ett heldagspass i riksdagsskolan. Nu vet jag exakt hur man ska hantera sina reser\u00e4kningar f\u00f6r att slippa hamna p\u00e5 tidningarnas l\u00f6p. Att h\u00e5lla reda p\u00e5 kvittona, \u00e4r en bra b\u00f6rjan. Och p\u00e5 eftermiddagens riksdagsgrupp med statsministern \u00a0fick jag ocks\u00e5 klart f\u00f6rt mig att morgondagens omr\u00f6stning i kammaren om ny talman&#8230;kan bli turbulent.<\/p>\n<p>En st\u00f6rre nyhet f\u00f6r mig i dag var att riksdagen har en egen tv\u00e4ttstuga, f\u00f6rlagd i de underjordiska g\u00e5ngarna, enkom inr\u00e4ttad f\u00f6r att landets folkvalda ledam\u00f6ter av Sveriges h\u00f6gsta beslutande f\u00f6rsamling sj\u00e4lva ska kunna tv\u00e4tta sin byk under riksdagsveckorna.<\/p>\n<p><strong>I hur m\u00e5nga andra<\/strong> parlament i v\u00e4rlden tv\u00e4ttar ledam\u00f6terna sina skjortor och blusar och underkl\u00e4der i anvisade utrymmen?<\/p>\n<p>Det f\u00e5r bli mitt\u00a0f\u00f6rsta uppdrag till riksdagens utredningstj\u00e4nst (RUT).<\/p>\n<p><strong>P\u00e5 tal om RUT<\/strong>, nog vore det f\u00f6rtr\u00e4ffligt, rent av modernt, om det fanns en privat tv\u00e4ttinr\u00e4ttning i riksdagens lokaler?<\/p>\n","protected":false},"excerpt":{"rendered":"<p>I dag har jag avverkat ett heldagspass i riksdagsskolan. Nu vet jag exakt hur man ska hantera sina reser\u00e4kningar f\u00f6r att slippa hamna p\u00e5 tidningarnas l\u00f6p. Att h\u00e5lla reda p\u00e5 kvittona, \u00e4r en bra b\u00f6rjan. Och p\u00e5 eftermiddagens riksdagsgrupp med statsministern \u00a0fick jag ocks\u00e5 klart f\u00f6rt mig att morgondagens omr\u00f6stning i kammaren om ny talman&#8230;kan&hellip;<\/p>\n<p class=\"more-link-p\"><a class=\"more-link\" href=\"https:\/\/www.mariaabrahamsson.nu\/index.php\/2010\/10\/03\/visste-ni-att-sveriges-riksdag-har-en-tvattstuga\/\">Read more &rarr;<\/a><\/p>\n","protected":false},"author":2,"featured_media":0,"comment_status":"open","ping_status":"open","sticky":false,"template":"","format":"standard","meta":{"footnotes":""},"categories":[1],"tags":[],"class_list":["post-3354","post","type-post","status-publish","format-standard","hentry","category-uncategorized"],"_links":{"self":[{"href":"https:\/\/www.mariaabrahamsson.nu\/index.php\/wp-json\/wp\/v2\/posts\/3354","targetHints":{"allow":["GET"]}}],"collection":[{"href":"https:\/\/www.mariaabrahamsson.nu\/index.php\/wp-json\/wp\/v2\/posts"}],"about":[{"href":"https:\/\/www.mariaabrahamsson.nu\/index.php\/wp-json\/wp\/v2\/types\/post"}],"author":[{"embeddable":true,"href":"https:\/\/www.mariaabrahamsson.nu\/index.php\/wp-json\/wp\/v2\/users\/2"}],"replies":[{"embeddable":true,"href":"https:\/\/www.mariaabrahamsson.nu\/index.php\/wp-json\/wp\/v2\/comments?post=3354"}],"version-history":[{"count":0,"href":"https:\/\/www.mariaabrahamsson.nu\/index.php\/wp-json\/wp\/v2\/posts\/3354\/revisions"}],"wp:attachment":[{"href":"https:\/\/www.mariaabrahamsson.nu\/index.php\/wp-json\/wp\/v2\/media?parent=3354"}],"wp:term":[{"taxonomy":"category","embeddable":true,"href":"https:\/\/www.mariaabrahamsson.nu\/index.php\/wp-json\/wp\/v2\/categories?post=3354"},{"taxonomy":"post_tag","embeddable":true,"href":"https:\/\/www.mariaabrahamsson.nu\/index.php\/wp-json\/wp\/v2\/tags?post=3354"}],"curies":[{"name":"wp","href":"https:\/\/api.w.org\/{rel}","templated":true}]}}