{"id":3321,"date":"2010-10-01T09:32:49","date_gmt":"2010-10-01T09:32:49","guid":{"rendered":"http:\/\/www.mariaabrahamsson.nu\/?p=3321"},"modified":"2010-10-01T09:35:47","modified_gmt":"2010-10-01T09:35:47","slug":"kanns-himla-bra-med-sofia-arkelsten","status":"publish","type":"post","link":"https:\/\/www.mariaabrahamsson.nu\/index.php\/2010\/10\/01\/kanns-himla-bra-med-sofia-arkelsten\/","title":{"rendered":"K\u00e4nns himla bra med Sofia Arkelsten"},"content":{"rendered":"<p><strong>Min f\u00f6rre <\/strong>chef <a href=\"http:\/\/blogg.svd.se\/ledarbloggen?id=20761\">undrar <\/a>om Per Schlingmann l\u00e4mnar partisekreterarjobbet f\u00f6r att ers\u00e4tta statsministerns h\u00f6gra hand HG Wessberg i Statsr\u00e5dsberedningen.\u00a0Det kan nog ligga en hel del i den&#8230;funderingen.<\/p>\n<p>Schlingmanns frammejslande av de nya moderaterna del 2 kan lika g\u00e4rna &#8211; om inte hellre &#8211; ske i omedelbar n\u00e4rhet till statsministerns \u00f6ra.<\/p>\n<p><strong>Vad HG Wessberg<\/strong> ska g\u00f6ra i st\u00e4llet? Det vet vi snart.<\/p>\n<p>Sist men inte minst: Ett j\u00e4ttegrattis till Sofia Arkelsten! Nej, \u00e4n s\u00e5 l\u00e4nge k\u00e4nner vi inte varandra s\u00e4rskilt v\u00e4l. Men intrycket s\u00e5 h\u00e4r l\u00e5ngt \u00e4r att Sofia \u00e4r en uppfriskande prestigel\u00f6s och frimodig kvinna. Och s\u00e5dana beh\u00f6vs det fler av i politiken.<\/p>\n<p><a href=\"http:\/\/blogg.aftonbladet.se\/proffstyckarna\/2010\/10\/att-halla-ordning-pa-de-ny-nya-moderaterna\">H\u00e4r<\/a> en annan reaktion p\u00e5 statsministerns val av ny partisekreterare.<\/p>\n<div id=\"attachment_2027\" style=\"width: 310px\" class=\"wp-caption alignleft\"><a href=\"http:\/\/www.mariaabrahamsson.nu\/wp-content\/uploads\/2010\/05\/SA.jpeg\"><img loading=\"lazy\" decoding=\"async\" aria-describedby=\"caption-attachment-2027\" class=\"size-medium wp-image-2027\" title=\"SA\" src=\"http:\/\/www.mariaabrahamsson.nu\/wp-content\/uploads\/2010\/05\/SA-300x225.jpg\" alt=\"\" width=\"300\" height=\"225\" srcset=\"https:\/\/www.mariaabrahamsson.nu\/wp-content\/uploads\/2010\/05\/SA-300x225.jpg 300w, https:\/\/www.mariaabrahamsson.nu\/wp-content\/uploads\/2010\/05\/SA.jpeg 640w\" sizes=\"auto, (max-width: 300px) 100vw, 300px\" \/><\/a><p id=\"caption-attachment-2027\" class=\"wp-caption-text\">Sofia Arkelsten och jag p\u00e5 MUF:s kandidatskola, i maj 2010.<\/p><\/div>\n","protected":false},"excerpt":{"rendered":"<p>Min f\u00f6rre chef undrar om Per Schlingmann l\u00e4mnar partisekreterarjobbet f\u00f6r att ers\u00e4tta statsministerns h\u00f6gra hand HG Wessberg i Statsr\u00e5dsberedningen.\u00a0Det kan nog ligga en hel del i den&#8230;funderingen. Schlingmanns frammejslande av de nya moderaterna del 2 kan lika g\u00e4rna &#8211; om inte hellre &#8211; ske i omedelbar n\u00e4rhet till statsministerns \u00f6ra. Vad HG Wessberg ska g\u00f6ra&hellip;<\/p>\n<p class=\"more-link-p\"><a class=\"more-link\" href=\"https:\/\/www.mariaabrahamsson.nu\/index.php\/2010\/10\/01\/kanns-himla-bra-med-sofia-arkelsten\/\">Read more &rarr;<\/a><\/p>\n","protected":false},"author":2,"featured_media":0,"comment_status":"open","ping_status":"open","sticky":false,"template":"","format":"standard","meta":{"footnotes":""},"categories":[1],"tags":[],"class_list":["post-3321","post","type-post","status-publish","format-standard","hentry","category-uncategorized"],"_links":{"self":[{"href":"https:\/\/www.mariaabrahamsson.nu\/index.php\/wp-json\/wp\/v2\/posts\/3321","targetHints":{"allow":["GET"]}}],"collection":[{"href":"https:\/\/www.mariaabrahamsson.nu\/index.php\/wp-json\/wp\/v2\/posts"}],"about":[{"href":"https:\/\/www.mariaabrahamsson.nu\/index.php\/wp-json\/wp\/v2\/types\/post"}],"author":[{"embeddable":true,"href":"https:\/\/www.mariaabrahamsson.nu\/index.php\/wp-json\/wp\/v2\/users\/2"}],"replies":[{"embeddable":true,"href":"https:\/\/www.mariaabrahamsson.nu\/index.php\/wp-json\/wp\/v2\/comments?post=3321"}],"version-history":[{"count":0,"href":"https:\/\/www.mariaabrahamsson.nu\/index.php\/wp-json\/wp\/v2\/posts\/3321\/revisions"}],"wp:attachment":[{"href":"https:\/\/www.mariaabrahamsson.nu\/index.php\/wp-json\/wp\/v2\/media?parent=3321"}],"wp:term":[{"taxonomy":"category","embeddable":true,"href":"https:\/\/www.mariaabrahamsson.nu\/index.php\/wp-json\/wp\/v2\/categories?post=3321"},{"taxonomy":"post_tag","embeddable":true,"href":"https:\/\/www.mariaabrahamsson.nu\/index.php\/wp-json\/wp\/v2\/tags?post=3321"}],"curies":[{"name":"wp","href":"https:\/\/api.w.org\/{rel}","templated":true}]}}