{"id":3311,"date":"2010-09-30T18:29:41","date_gmt":"2010-09-30T18:29:41","guid":{"rendered":"http:\/\/www.mariaabrahamsson.nu\/?p=3311"},"modified":"2010-09-30T18:35:46","modified_gmt":"2010-09-30T18:35:46","slug":"nej-helin-jag-tanker-inte-bara-aftonbladets-knapp","status":"publish","type":"post","link":"https:\/\/www.mariaabrahamsson.nu\/index.php\/2010\/09\/30\/nej-helin-jag-tanker-inte-bara-aftonbladets-knapp\/","title":{"rendered":"Nej Helin, jag t\u00e4nker inte b\u00e4ra Aftonbladets knapp p\u00e5 tisdag"},"content":{"rendered":"<p><strong>I veckan fick jag ett brev<\/strong> fr\u00e5n Aftonbladets chefredakt\u00f6r Jan Helin. Han skriver till mig i egenskap av riksdagsledamot och uppmanar mig att b\u00e4ra tidningens <a href=\"http:\/\/www.aftonbladet.se\/vigillarolika\/\">&#8221;Vi gillar olika&#8221;-knapp<\/a> vid riksdagens h\u00f6gtidliga \u00f6ppnande nu p\u00e5 tisdag.<\/p>\n<p>F\u00f6r att insk\u00e4rpa allvaret bakom uppmaningen skriver Helin:<\/p>\n<p><em>&#8221;Sverige fick f\u00f6r f\u00f6rsta g\u00e5ngen ett nationalistiskt \u00a0parti i riksdagen i s\u00f6ndags (den 19 september, min anm). Sverigedemokraternas politik s\u00e4ger att det bara finns ett s\u00e4tt att vara svensk p\u00e5. Om den id\u00e9n f\u00e5r f\u00e4ste i ett land kan det bli riktigt obehagligt.&#8221;<\/em><\/p>\n<p><strong>I sak har jag inga<\/strong> problem med den verklighetsbeskrivningen. Vad som d\u00e4remot st\u00f6r mig \u00e4r Helins och Aftonbladets skenhelighet.<\/p>\n<p>Som enda st\u00f6rre dagstidning l\u00e5ter man Sverigedemokraterna under buller i b\u00e5ng publicera en <a href=\"http:\/\/www.aftonbladet.se\/debatt\/debattamnen\/politik\/article5978707.ab\">debattartikel<\/a>. Som v\u00e4ntat utbryter stort medialt st\u00e5hej om det etiskt f\u00f6rsvarliga med en publicering som s\u00e5 uppenbart spelar SD i h\u00e4nderna samtidigt som den speedar upp Aftonbladets l\u00f6snummerf\u00f6rs\u00e4ljning. Inget fel med det sistn\u00e4mnda, utan l\u00f6nsamhet \u00f6verlever ingen tidning.<\/p>\n<p><strong>Aftonbladet bjuder allts\u00e5 in,<\/strong> alternativt tackar ja, till att publicera en debattartikel signerad Jimmie \u00c5kesson, vilket ger tidningen inkomster. Men inte bara det, publiceringen ger Sverigedemokraterna en opinionsm\u00e4ssig skjuts i valr\u00f6relsen som &#8211; skulle det visa sig &#8211; ledde \u00e4nda in i riksdagen.<\/p>\n<p>Och nu vill allts\u00e5 Jan Helin att jag p\u00e5 tisdag inf\u00f6r Kungen och TV-kamerorna gratis ska g\u00f6ra reklam f\u00f6r hans tidning genom att b\u00e4ra &#8221;Vi gillar olika&#8221;-knappen, allt f\u00f6r att ge Aftonbladet f\u00f6rsteg i den st\u00e4ndiga konkurrensen med Expressen.<\/p>\n<p><strong>Strategin \u00e4r lika genial<\/strong> som infernalisk. Kruxet \u00e4r bara att jag finner det r\u00e4tt motbjudande att g\u00f6ra gratisreklam f\u00f6r den sv\u00e5rt hycklande tidningen Aftonbladet.\u00a0S\u00e5 hur mycket \u00e4r Helin beredd att betala?<\/p>\n<p>PS<br \/>\nVid\u00a0ett frukostm\u00f6te p\u00e5 Timbro i k\u00f6lvattnet av den d\u00e4r publiceringen fr\u00e5gade jag Jan Helin hur mycket Aftonbladet arvoderade Jimmie \u00c5kesson f\u00f6r hans fr\u00e4mlingsfientliga opus. Sj\u00e4lv har jag kunnat kvittera ut ett antal tusenlappar per artikel som jag har f\u00e5tt inf\u00f6rd p\u00e5 tidningens debattsida. Helin f\u00f6rnekade kategoriskt att s\u00e5 skulle ha skett i fallet \u00c5kesson. SD fick en gratisannons i st\u00e4llet?<\/p>\n","protected":false},"excerpt":{"rendered":"<p>I veckan fick jag ett brev fr\u00e5n Aftonbladets chefredakt\u00f6r Jan Helin. Han skriver till mig i egenskap av riksdagsledamot och uppmanar mig att b\u00e4ra tidningens &#8221;Vi gillar olika&#8221;-knapp vid riksdagens h\u00f6gtidliga \u00f6ppnande nu p\u00e5 tisdag. F\u00f6r att insk\u00e4rpa allvaret bakom uppmaningen skriver Helin: &#8221;Sverige fick f\u00f6r f\u00f6rsta g\u00e5ngen ett nationalistiskt \u00a0parti i riksdagen i s\u00f6ndags&hellip;<\/p>\n<p class=\"more-link-p\"><a class=\"more-link\" href=\"https:\/\/www.mariaabrahamsson.nu\/index.php\/2010\/09\/30\/nej-helin-jag-tanker-inte-bara-aftonbladets-knapp\/\">Read more &rarr;<\/a><\/p>\n","protected":false},"author":2,"featured_media":0,"comment_status":"open","ping_status":"open","sticky":false,"template":"","format":"standard","meta":{"footnotes":""},"categories":[1],"tags":[],"class_list":["post-3311","post","type-post","status-publish","format-standard","hentry","category-uncategorized"],"_links":{"self":[{"href":"https:\/\/www.mariaabrahamsson.nu\/index.php\/wp-json\/wp\/v2\/posts\/3311","targetHints":{"allow":["GET"]}}],"collection":[{"href":"https:\/\/www.mariaabrahamsson.nu\/index.php\/wp-json\/wp\/v2\/posts"}],"about":[{"href":"https:\/\/www.mariaabrahamsson.nu\/index.php\/wp-json\/wp\/v2\/types\/post"}],"author":[{"embeddable":true,"href":"https:\/\/www.mariaabrahamsson.nu\/index.php\/wp-json\/wp\/v2\/users\/2"}],"replies":[{"embeddable":true,"href":"https:\/\/www.mariaabrahamsson.nu\/index.php\/wp-json\/wp\/v2\/comments?post=3311"}],"version-history":[{"count":0,"href":"https:\/\/www.mariaabrahamsson.nu\/index.php\/wp-json\/wp\/v2\/posts\/3311\/revisions"}],"wp:attachment":[{"href":"https:\/\/www.mariaabrahamsson.nu\/index.php\/wp-json\/wp\/v2\/media?parent=3311"}],"wp:term":[{"taxonomy":"category","embeddable":true,"href":"https:\/\/www.mariaabrahamsson.nu\/index.php\/wp-json\/wp\/v2\/categories?post=3311"},{"taxonomy":"post_tag","embeddable":true,"href":"https:\/\/www.mariaabrahamsson.nu\/index.php\/wp-json\/wp\/v2\/tags?post=3311"}],"curies":[{"name":"wp","href":"https:\/\/api.w.org\/{rel}","templated":true}]}}