{"id":3269,"date":"2010-09-27T19:05:59","date_gmt":"2010-09-27T19:05:59","guid":{"rendered":"http:\/\/www.mariaabrahamsson.nu\/?p=3269"},"modified":"2010-09-27T19:24:29","modified_gmt":"2010-09-27T19:24:29","slug":"riksdagsordningen-ledde-rakt-i-famnen-pa-fra-ingvar","status":"publish","type":"post","link":"https:\/\/www.mariaabrahamsson.nu\/index.php\/2010\/09\/27\/riksdagsordningen-ledde-rakt-i-famnen-pa-fra-ingvar\/","title":{"rendered":"Riksdagsordningen leder rakt i famnen p\u00e5 FRA-Ingvar"},"content":{"rendered":"<p><strong>\u00c5terb\u00f6rdad fr\u00e5n ett par <\/strong>dagars avkoppling i stugan med regn och rusk s\u00e5 det f\u00f6rslog, m\u00f6ts jag p\u00e5 hallmattan av ett digert konvolut fr\u00e5n Sveriges riksdag. Det k\u00e4nns som en definitiv bekr\u00e4ftelse p\u00e5 mitt nyvunna ledamotskap i landets f\u00f6rn\u00e4msta statsorgan.<\/p>\n<div id=\"attachment_3273\" style=\"width: 310px\" class=\"wp-caption alignleft\"><a href=\"http:\/\/www.mariaabrahamsson.nu\/wp-content\/uploads\/2010\/09\/solrosh\u00f6st1.jpeg\"><img loading=\"lazy\" decoding=\"async\" aria-describedby=\"caption-attachment-3273\" class=\"size-medium wp-image-3273\" title=\"solrosh\u00f6st\" src=\"http:\/\/www.mariaabrahamsson.nu\/wp-content\/uploads\/2010\/09\/solrosh\u00f6st1-300x225.jpg\" alt=\"\" width=\"300\" height=\"225\" srcset=\"https:\/\/www.mariaabrahamsson.nu\/wp-content\/uploads\/2010\/09\/solrosh\u00f6st1-300x225.jpg 300w, https:\/\/www.mariaabrahamsson.nu\/wp-content\/uploads\/2010\/09\/solrosh\u00f6st1.jpeg 640w\" sizes=\"auto, (max-width: 300px) 100vw, 300px\" \/><\/a><p id=\"caption-attachment-3273\" class=\"wp-caption-text\">Indiansommar har man h\u00f6rt talas om, men vad s\u00e4gs om Solrosh\u00f6st?<\/p><\/div>\n<p>Luntan modell tjockare inneh\u00e5ller i tur och ordning: Prelimin\u00e4r sammantr\u00e4desplan signerad Kammarkansliet f\u00f6r veckorna 40-43, h\u00e5lltider f\u00f6r kammaren 2010, en underr\u00e4ttelse om kammarens f\u00f6rsta sammantr\u00e4de den 4 oktober, f\u00f6rh\u00e5llningsregler inf\u00f6r Riksm\u00f6tets h\u00f6gtidliga \u00f6ppnande dagen d\u00e4rp\u00e5 samt information om vissa praktiska fr\u00e5gor.<\/p>\n<p><strong>Till exempel upplyses <\/strong>var man h\u00e4mtar ut sin telefon och annan teknisk utrustning och vilka reseregler som g\u00e4ller. Det sista \u00e4r inte minst viktigt. \u00c4ven jag som stockholmare \u00e4r ber\u00e4ttigad till \u00e5rskort p\u00e5 SJ, och jag anmodas anlita taxitj\u00e4nsten MyCab.<\/p>\n<p>Vidare noterar jag att riksdagsarvodet normalt betalas ut den 25:e i varje m\u00e5nad och att jag \u00e4r skyldig att anm\u00e4la mina &#8221;ekonomiska intressen&#8221; till ett s\u00e4rskilt register som riksdagen f\u00f6r.<\/p>\n<p><strong>Om man som jag <\/strong>har utvecklat en sv\u00e5r fobi mot allehanda register kan man inte vara annat \u00e4n tacksam \u00f6ver att sakna s\u00e5dana ekonomiska intressen. Med undantag f\u00f6r maken d\u00e5, han har i princip f\u00f6rs\u00f6rjt mig ekonomiskt sedan jag slutade p\u00e5 SvD f\u00f6rra h\u00f6sten fram tills nu och b\u00f6r rimligen klassas som ett ekonomiskt intresse.<\/p>\n<p>Men s\u00e5 l\u00e5ngt har registreringsskyldigheten i riksdagen inte g\u00e5tt. \u00c4n s\u00e5 l\u00e4nge, \u00e4r v\u00e4l s\u00e4krast att till\u00e4gga.<\/p>\n<p><strong>Helgens envetna regnande<\/strong> i V\u00e4rmlandsskogen fick mig att ge upp alla tankar p\u00e5 svampplock och skogsmulleliv. I st\u00e4llet kurade jag i stugv\u00e4rmen och roade \u00a0mig &#8211; jo, faktiskt &#8211; med att studera riksdagens spelregler.<\/p>\n<p>Riksdagsordningen (RO) lockar inte j\u00e4ttem\u00e5nga l\u00e4sare, men oj vilken dramatik det g\u00f6mmer sig bakom de knastertorra paragraferna! D\u00e5 t\u00e4nker jag inte fr\u00e4mst p\u00e5 till\u00e4ggsbest\u00e4mmelsen (1.3.1) om att kammarens f\u00f6rsta sammantr\u00e4de under ett riksm\u00f6te b\u00f6rjar klockan 11. Ja, nu p\u00e5 m\u00e5ndag allts\u00e5.<\/p>\n<p><strong>Mer rafflande med tanke <\/strong>p\u00e5 valets utg\u00e5ng \u00e4r best\u00e4mmelsen i RO 8 kap 1 \u00a7. Den s\u00e4ger att kammaren vid f\u00f6rsta sammantr\u00e4det ska v\u00e4lja talman.\u00a0Och h\u00e4r finns &#8211; en risk eller m\u00f6jlighet beroende p\u00e5 hur man ser det &#8211; att Sverigedemokraterna p\u00e5 m\u00e5ndag demonstrerar sin omdiskuterade v\u00e5gm\u00e4starroll.<\/p>\n<p>I RO 4 kap 3 \u00a7 sl\u00e5s helt sonika fast att varje utskott ska best\u00e5 av udda antal ledam\u00f6ter, l\u00e4gst 15. Och av RO 7 kap 4 \u00a7 framg\u00e5r att &#8221;kartellbildning&#8221; (i detta fall mellan Allianspartierna respektive De r\u00f6dgr\u00f6na) \u00e4r till\u00e5ten vid proportionella val av vilka som ska sitta i utskotten.<\/p>\n<p>Det \u00e4r h\u00e4r nyckeln ligger till m\u00f6jligheten att st\u00e4nga ute SD fr\u00e5n det ordinarie arbetet i riksdagens utskott. Tack och lov verkar det politiska etablissemanget ha tagit <a href=\"http:\/\/www.dn.se\/nyheter\/valet2010\/sverigedemokraterna-far-utslagsrost-i-alla-utskott-1.1176854\">sitt f\u00f6rnuft till f\u00e5nga. <\/a>F\u00f6r det strider mot demokratisk anst\u00e4ndighet att f\u00f6rv\u00e4gra Sverigedemokraterna plats vid utskottens sammantr\u00e4desbord.<\/p>\n<p><strong>SD:s folkvalda riksdagsledam\u00f6ter<\/strong> ska bem\u00f6tas korrekt. Inte med tillgjord hj\u00e4rtlighet, men inte heller som n\u00e5got som katten har sl\u00e4pat in i folkstyrets h\u00f6gborg. Det \u00e4r i alla fall s\u00e5 jag t\u00e4nker f\u00f6rh\u00e5lla mig i det uppkomna parlamentariska l\u00e4get.<\/p>\n<p><a href=\"http:\/\/www.thomsonforlag.se\/kampanj\/default.aspx?id=24\">Karnovkommentaren <\/a>till Riksdagsordningen som jag just har tr\u00f6skat igenom \u00e4r f\u00f6rfattad av &#8230;.<a href=\"http:\/\/aftonbladet.se\/debatt\/article2868382.ab\">FRA-Ingvar!<\/a> Ja, allts\u00e5 Ingvar \u00c5kesson som under S-regeringarna (1996-2003) var r\u00e4ttschef i f\u00f6rsvarsdepartementet och d\u00e4r arbetade fram ett f\u00f6rslag som i dess ursprungliga skick skulle ha gett <a href=\"http:\/\/www.fra.se\/\">FRA<\/a> r\u00e4tt att utan hindersamma r\u00e4ttss\u00e4kerhetskrusiduller signalspana \u00e4ven i kabel, det vill s\u00e4ga p\u00e5 i princip all form av telekommunikation mellan medborgarna.<\/p>\n<p><strong>\u00c5kesson &#8211; ja, allts\u00e5 inte<\/strong> Jimmie &#8211; var en g\u00e5ng i tiden anst\u00e4lld p\u00e5 KU-kansliet. Det var d\u00e4r Ingvar \u00c5kesson grundligt l\u00e4rde sig riksdagsformalia, till exempel att tio ledam\u00f6ter \u00e4r nog f\u00f6r att yrka ett \u00e5rs vilandef\u00f6rklaring av lagf\u00f6rslag som begr\u00e4nsar vissa grundl\u00e4ggande fri- och r\u00e4ttigheter. Vi f\u00e5r hoppas att det inte ges anledning att \u00e5beropa den regeln under den h\u00e4r mandatperioden. . .<\/p>\n<p>Som sagt, p\u00e5 m\u00e5ndag klockan 11 \u00e4r det upprop i riksdagen. D\u00e5 g\u00f6r man klokt i att vara d\u00e4r!<\/p>\n","protected":false},"excerpt":{"rendered":"<p>\u00c5terb\u00f6rdad fr\u00e5n ett par dagars avkoppling i stugan med regn och rusk s\u00e5 det f\u00f6rslog, m\u00f6ts jag p\u00e5 hallmattan av ett digert konvolut fr\u00e5n Sveriges riksdag. Det k\u00e4nns som en definitiv bekr\u00e4ftelse p\u00e5 mitt nyvunna ledamotskap i landets f\u00f6rn\u00e4msta statsorgan. Luntan modell tjockare inneh\u00e5ller i tur och ordning: Prelimin\u00e4r sammantr\u00e4desplan signerad Kammarkansliet f\u00f6r veckorna 40-43,&hellip;<\/p>\n<p class=\"more-link-p\"><a class=\"more-link\" href=\"https:\/\/www.mariaabrahamsson.nu\/index.php\/2010\/09\/27\/riksdagsordningen-ledde-rakt-i-famnen-pa-fra-ingvar\/\">Read more &rarr;<\/a><\/p>\n","protected":false},"author":2,"featured_media":0,"comment_status":"open","ping_status":"open","sticky":false,"template":"","format":"standard","meta":{"footnotes":""},"categories":[1],"tags":[],"class_list":["post-3269","post","type-post","status-publish","format-standard","hentry","category-uncategorized"],"_links":{"self":[{"href":"https:\/\/www.mariaabrahamsson.nu\/index.php\/wp-json\/wp\/v2\/posts\/3269","targetHints":{"allow":["GET"]}}],"collection":[{"href":"https:\/\/www.mariaabrahamsson.nu\/index.php\/wp-json\/wp\/v2\/posts"}],"about":[{"href":"https:\/\/www.mariaabrahamsson.nu\/index.php\/wp-json\/wp\/v2\/types\/post"}],"author":[{"embeddable":true,"href":"https:\/\/www.mariaabrahamsson.nu\/index.php\/wp-json\/wp\/v2\/users\/2"}],"replies":[{"embeddable":true,"href":"https:\/\/www.mariaabrahamsson.nu\/index.php\/wp-json\/wp\/v2\/comments?post=3269"}],"version-history":[{"count":0,"href":"https:\/\/www.mariaabrahamsson.nu\/index.php\/wp-json\/wp\/v2\/posts\/3269\/revisions"}],"wp:attachment":[{"href":"https:\/\/www.mariaabrahamsson.nu\/index.php\/wp-json\/wp\/v2\/media?parent=3269"}],"wp:term":[{"taxonomy":"category","embeddable":true,"href":"https:\/\/www.mariaabrahamsson.nu\/index.php\/wp-json\/wp\/v2\/categories?post=3269"},{"taxonomy":"post_tag","embeddable":true,"href":"https:\/\/www.mariaabrahamsson.nu\/index.php\/wp-json\/wp\/v2\/tags?post=3269"}],"curies":[{"name":"wp","href":"https:\/\/api.w.org\/{rel}","templated":true}]}}