{"id":2990,"date":"2010-09-07T13:05:01","date_gmt":"2010-09-07T13:05:01","guid":{"rendered":"http:\/\/www.mariaabrahamsson.nu\/?p=2990"},"modified":"2010-09-07T13:33:29","modified_gmt":"2010-09-07T13:33:29","slug":"i-stallet-for-att-diskutera-valet-viktigaste-fraga","status":"publish","type":"post","link":"https:\/\/www.mariaabrahamsson.nu\/index.php\/2010\/09\/07\/i-stallet-for-att-diskutera-valet-viktigaste-fraga\/","title":{"rendered":"St\u00f6rande utspel i st\u00e4llet f\u00f6r att diskutera jobben"},"content":{"rendered":"<p><strong>Efter<\/strong> <strong>debatten i morse i Fyran mot <\/strong>Socialemokraternas kampanjgeneral Karin Pettersson har jag anklagats f\u00f6r att d\u00f6ma ut Moderaternas\u00a0valkampanj i Stockholm som l\u00f6gn. F\u00f6rvisso har jag bara sp\u00e5rat smutskastningen till en str\u00e4ng p\u00e5 twitter fast d\u00e5 p\u00e5hoppet \u00e4r hyfsat grovt har jag eftergranskat\u00a0<a href=\"http:\/\/www.tv4play.se\/aktualitet\/nyhetsmorgon?videoId=1.1800336\">inslaget<\/a>. Visst, \u00a0jag tykar mig en aning mot Per Schlingmann, men allvarligare \u00e4n s\u00e5 blir det inte f\u00f6r partiet. Den h\u00e4r g\u00e5ngen. Kolla <a href=\"http:\/\/www.tv4play.se\/aktualitet\/nyhetsmorgon?videoId=1.1800336\">sj\u00e4lv!<\/a><\/p>\n<p>Genom en\u00a0<a href=\"http:\/\/www.svd.se\/nyheter\/politik\/valet2010\/storande-utspel-ska-vinna-valet_5252401.svd\">l\u00e4cka<\/a> har jag f\u00f6rst\u00e5tt att \u201dst\u00f6rande utspel\u201d ska hj\u00e4lpa Mona Sahlin att vinna valet. Hennes kampanjchefs <a href=\"http:\/\/www.politikerbloggen.se\/2010\/09\/06\/36152\/\">utspel<\/a> om att Moderaterna skulle gr\u00e5ta krokodilt\u00e5rar \u00f6ver S-kritiken mot statsministerparets gemensamma inkomstskattes\u00e4nkning p\u00e5 125 000 kronor till f\u00f6ljd av regeringens politik, \u00e4r just ett s\u00e5dant utspel!<\/p>\n<p><strong>I sak \u00e4r det fullst\u00e4ndigt <\/strong>nonsens men det stj\u00e4l f\u00f6rst\u00e5s uppm\u00e4rksamhet fr\u00e5n valets viktigaste sakfr\u00e5ga som det forna arbetarpartiet f\u00f6r allt sm\u00f6r i Sm\u00e5land inte vill diskutera: JOBBEN<\/p>\n<p>Vad offentliga personer tj\u00e4nar eller f\u00f6rlorar p\u00e5 s\u00e4nkta eller h\u00f6jda skatter, \u00e4r inget som man b\u00f6r uppr\u00f6ras \u00f6ver. S\u00e5 k\u00e4nslig kan man inte vara, s\u00e4rskilt inte n\u00e4r allvarligare saker st\u00e5r p\u00e5 spel, typ landets ekonomi, f\u00f6retagsverksamhet och m\u00e4nniskors arbeten.<\/p>\n<p><strong>D\u00e4rf\u00f6r passerar man<\/strong> anst\u00e4ndighetens gr\u00e4ns med r\u00e5ge om man \u2013 som sossarna har gjort \u2013 insinuerar att paret Reinfeldt och andra ledande moderater har ett eget, privatekonomiskt intresse av s\u00e4nkta inkomstskatter. H\u00e4r talar vi smutskastning som inte h\u00f6r hemma i den politiska debatten.<\/p>\n<p>F\u00f6r hur trov\u00e4rdiga \u00e4r egentligen de r\u00f6dgr\u00f6na n\u00e4r de ondg\u00f6r sig \u00f6ver att \u00e4ven h\u00f6ginkomsttagare tj\u00e4nar p\u00e5 regeringens skattes\u00e4nkningar samtidigt som de i deras gemensamma valmanifest lovar att beh\u00e5lla \u00f6ver 90 procent av regeringens skattes\u00e4nkningar? Skattes\u00e4nkningar i form av jobbskatteavdrag som har h\u00e5llit ig\u00e5ng produktionen i en tid av djup finansiell kris. Allt f\u00f6r att r\u00e4dda m\u00e4nniskors jobb och skapa fler arbeten.<\/p>\n<p><strong>Verkligheten \u00e4r nu <\/strong>inget som verkar bekymra<strong> <\/strong>Karin Pettersson. I artikeln\u00a0som l\u00e5g till grund f\u00f6r morgonens munhugg i tv-studion skriver hon: &#8221;F\u00f6r v\u00e5r del t\u00e4nker vi \u00e4gna de kommande veckorna \u00e5t att forts\u00e4tta ber\u00e4tta hur de med de h\u00f6gsta inkomsterna gynnas av alliansens politik, och vad vi vill anv\u00e4nda pengarna till i st\u00e4llet.&#8221;<\/p>\n<p>Forts\u00e4tt g\u00e4rna att ber\u00e4tta, men gl\u00f6m d\u00e5 inte att ocks\u00e5 f\u00f6rklara varf\u00f6r Socialdemokraterna och de r\u00f6dgr\u00f6na\u00a0<a href=\"http:\/\/svt.se\/2.128339\/1.2126864\/rodgrona_vill_sanka_maxtaxan\">ytterligare vill s\u00e4nka<\/a> maxtaxan p\u00e5 dagis? Samma maxtaxa som G\u00f6ran Persson \u00f6verraskade omv\u00e4rlden med n\u00e4r han i valr\u00f6relsen 1998 desperat beh\u00f6vde locka medelklassv\u00e4ljare till S och d\u00e4rf\u00f6r gjorde\u00a0h\u00f6ginkomsttagarna till de st\u00f6rsta vinnarna p\u00e5 reformen.<\/p>\n<p><strong>Nu ska de rika allts\u00e5 bli \u00e4nnu rikare! <\/strong>Det blir n\u00e4mligen f\u00f6ljden av att\u00a0l\u00e5ginkomsttagarna proportionellt tj\u00e4nar mindre ekonomiskt p\u00e5 maxtaxan och\u00a0\u00e4r med och finansierar de r\u00f6dgr\u00f6nas f\u00f6rslag om billigare barnomsorg \u00e5t h\u00f6ginkomsttagare.<\/p>\n<p>H\u00f6rde jag smutskastning?<\/p>\n<p><strong><em><br \/>\n<\/em><\/strong><\/p>\n","protected":false},"excerpt":{"rendered":"<p>Efter debatten i morse i Fyran mot Socialemokraternas kampanjgeneral Karin Pettersson har jag anklagats f\u00f6r att d\u00f6ma ut Moderaternas\u00a0valkampanj i Stockholm som l\u00f6gn. F\u00f6rvisso har jag bara sp\u00e5rat smutskastningen till en str\u00e4ng p\u00e5 twitter fast d\u00e5 p\u00e5hoppet \u00e4r hyfsat grovt har jag eftergranskat\u00a0inslaget. Visst, \u00a0jag tykar mig en aning mot Per Schlingmann, men allvarligare \u00e4n&hellip;<\/p>\n<p class=\"more-link-p\"><a class=\"more-link\" href=\"https:\/\/www.mariaabrahamsson.nu\/index.php\/2010\/09\/07\/i-stallet-for-att-diskutera-valet-viktigaste-fraga\/\">Read more &rarr;<\/a><\/p>\n","protected":false},"author":2,"featured_media":0,"comment_status":"open","ping_status":"open","sticky":false,"template":"","format":"standard","meta":{"footnotes":""},"categories":[1],"tags":[],"class_list":["post-2990","post","type-post","status-publish","format-standard","hentry","category-uncategorized"],"_links":{"self":[{"href":"https:\/\/www.mariaabrahamsson.nu\/index.php\/wp-json\/wp\/v2\/posts\/2990","targetHints":{"allow":["GET"]}}],"collection":[{"href":"https:\/\/www.mariaabrahamsson.nu\/index.php\/wp-json\/wp\/v2\/posts"}],"about":[{"href":"https:\/\/www.mariaabrahamsson.nu\/index.php\/wp-json\/wp\/v2\/types\/post"}],"author":[{"embeddable":true,"href":"https:\/\/www.mariaabrahamsson.nu\/index.php\/wp-json\/wp\/v2\/users\/2"}],"replies":[{"embeddable":true,"href":"https:\/\/www.mariaabrahamsson.nu\/index.php\/wp-json\/wp\/v2\/comments?post=2990"}],"version-history":[{"count":0,"href":"https:\/\/www.mariaabrahamsson.nu\/index.php\/wp-json\/wp\/v2\/posts\/2990\/revisions"}],"wp:attachment":[{"href":"https:\/\/www.mariaabrahamsson.nu\/index.php\/wp-json\/wp\/v2\/media?parent=2990"}],"wp:term":[{"taxonomy":"category","embeddable":true,"href":"https:\/\/www.mariaabrahamsson.nu\/index.php\/wp-json\/wp\/v2\/categories?post=2990"},{"taxonomy":"post_tag","embeddable":true,"href":"https:\/\/www.mariaabrahamsson.nu\/index.php\/wp-json\/wp\/v2\/tags?post=2990"}],"curies":[{"name":"wp","href":"https:\/\/api.w.org\/{rel}","templated":true}]}}