{"id":2966,"date":"2010-09-05T18:29:01","date_gmt":"2010-09-05T18:29:01","guid":{"rendered":"http:\/\/www.mariaabrahamsson.nu\/?p=2966"},"modified":"2010-09-05T20:56:10","modified_gmt":"2010-09-05T20:56:10","slug":"en-sallsynt-intensiv-valrorelsevecka-ar-till-anda","status":"publish","type":"post","link":"https:\/\/www.mariaabrahamsson.nu\/index.php\/2010\/09\/05\/en-sallsynt-intensiv-valrorelsevecka-ar-till-anda\/","title":{"rendered":"En s\u00e4llsynt intensiv valr\u00f6relsevecka \u00e4r till \u00e4nda"},"content":{"rendered":"<p><strong><!--more--><\/strong><strong>Efter s\u00f6ndagens pass i <\/strong><a href=\"http:\/\/www.facebook.com\/photo.php?pid=5451286&amp;id=632277101&amp;ref=notif&amp;notif_t=photo_tag\">valstugan<\/a> p\u00e5 Brommaplan s\u00e4tter jag punkt f\u00f6r veckans partikampanjande. Det har varit en vecka av det mer intensiva &#8211; och roligare &#8211; slaget, som nu pockar p\u00e5 att f\u00e5 bli ber\u00e4ttad.\u00a0Men innan jag g\u00f6r det vill jag tacka Brommamoderaten Per Hagwall som i eftermiddag tipsade mig om <a href=\"http:\/\/hagwall.wordpress.com\/2010\/09\/04\/i-sverige-stavas-valfusk-med-s\/\">f\u00f6ljande!!!<\/a> Visst, Mona Sahlin understryker att hon inte f\u00f6ljer med v\u00e4ljarna in i valb\u00e5set, men \u00e4nd\u00e5&#8230;?!<\/p>\n<p>N\u00e5v\u00e4l. I onsdags eftermiddag satt jag allts\u00e5 p\u00e5 t\u00e5get mot V\u00e4rnamo. Under resans g\u00e5ng uppstod trubbel i form av &#8221;\u00f6verfyllda&#8221; toaletter i t\u00e5gvagnarna 3,4 och 5 (av totalt 5 vagnar). I Link\u00f6ping l\u00f6stes &#8221;problemet&#8221; med en t\u00e5gf\u00f6rsening som f\u00f6ljd. SJ:s styrelseordf\u00f6rande Ulf Adelsohn var fnissigt nog med p\u00e5 t\u00e5get. Han kom f\u00f6rbi min plats och skrockade n\u00f6jd att SJ p\u00e5 egen hand faktiskt hade begripit att best\u00e4lla fram kiss&amp; bajsbilen (min \u00f6vers\u00e4ttning) till stoppet i Link\u00f6ping.<\/p>\n<p><strong>Som sagt, jag missade anknytningen <\/strong>i N\u00e4ssj\u00f6 men rullade imponerande nog \u00e4nd\u00e5 in p\u00e5 V\u00e4rnamo station bara en kvart f\u00f6rsenad. D\u00e4r v\u00e4ntade partikamraten <a href=\"http:\/\/valpejl.se\/kandidat\/18355\/Malin_Wengholm\">Malin Wengholm<\/a>. Hon \u00e4r bygdens <a href=\"http:\/\/www.google.com\/imgres?imgurl=http:\/\/xn--vrnamo-bua.nu\/wp-content\/uploads\/Malin-Wengholm-Kopia1.jpg&amp;imgrefurl=http:\/\/xn--vrnamo-bua.nu\/nyheter\/wengholm-debatterar\/attachment\/malin-wengholm-kopia-2&amp;h=1024&amp;w=755&amp;sz=249&amp;tbnid=Xn_e8B9WZiv48M:&amp;tbnh=150&amp;tbnw=111&amp;prev=\/images%3Fq%3Dmalin%2Bwengholm&amp;zoom=1&amp;q=malin+wengholm&amp;usg=__RxLoHZypBV3phG3FxbWE_y104pw=&amp;sa=X&amp;ei=bt-DTIT7BIXeOMTCzNMH&amp;ved=0CCMQ9QEwAw\">snyggaste<\/a> (\u00e4ven som kvinna m\u00e5ste man f\u00e5 tycka det)\u00a0och ortens mest <a href=\"http:\/\/sverigesradio.se\/sida\/artikel.aspx?programid=91&amp;artikel=3592604\">omstridda <\/a>politiker. Men oj s\u00e5 entusiastisk och\u00a0<a href=\"http:\/\/sverigesradio.se\/sida\/artikel.aspx?programid=91&amp;artikel=3602684\">strykt\u00e5lig<\/a>!<\/p>\n<p>Som de drillade samtalskampanjare Malin och jag \u00e4r avverkade vi tv\u00e5 timmars d\u00f6rrknack i ett bitvis \u00f6sregnigt V\u00e4rnamo city i onsdags kv\u00e4ll. Totalt blev det ett 50-tal knackade d\u00f6rrar inklusive samtal med mestadels redan fr\u00e4lsta.<\/p>\n<p><strong>Men s\u00e5dana v\u00e4ljare<\/strong> beh\u00f6ver ocks\u00e5 f\u00e5 uppm\u00e4rksamhet och h\u00f6ra att det \u00e4r viktigt att de ocks\u00e5 r\u00f6star i valet! Ja, s\u00e4rskilt i ett val som trots goda siffror f\u00f6r Alliansen faktiskt kan g\u00e5 hur som helst. (V\u00e5rt d\u00f6rrknack gick i repris i torsdags kv\u00e4ll, fast d\u00e5 i N\u00e4ssj\u00f6 d\u00e4r ungef\u00e4r lika m\u00e5nga d\u00f6rrar knackades med lika v\u00e4rdefullt utfall).<\/p>\n<p>I torsdags morse<strong> <\/strong>k\u00f6rde Malin oss till <a href=\"http:\/\/sverigesradio.se\/sida\/artikel.aspx?programid=91&amp;artikel=3973499&amp;utm_source=twitterfeed&amp;utm_medium=twitter\">Adel\u00f6vs marknad,<\/a> mellan Gr\u00e4nna och Tran\u00e5s, och med anor fr\u00e5n 1780-talet. D\u00e4r knallade (hehe) vi omkring, tr\u00e4ffade v\u00e4ljare och sl\u00e4ngde k\u00e4ft med kreti och pleti.<\/p>\n<p>Ja, s\u00e5 st\u00f6tte vi ihop med M-kvinnornas ordf\u00f6rande <a href=\"http:\/\/magdalenamoderat.wordpress.com\/\">Magdalena Andersson<\/a> i Alliansst\u00e5ndet.<\/p>\n<div id=\"attachment_2967\" style=\"width: 310px\" class=\"wp-caption alignleft\"><a href=\"http:\/\/www.mariaabrahamsson.nu\/wp-content\/uploads\/2010\/09\/marknad.jpeg\"><img loading=\"lazy\" decoding=\"async\" aria-describedby=\"caption-attachment-2967\" class=\"size-medium wp-image-2967\" title=\"marknad\" src=\"http:\/\/www.mariaabrahamsson.nu\/wp-content\/uploads\/2010\/09\/marknad-300x225.jpg\" alt=\"\" width=\"300\" height=\"225\" srcset=\"https:\/\/www.mariaabrahamsson.nu\/wp-content\/uploads\/2010\/09\/marknad-300x225.jpg 300w, https:\/\/www.mariaabrahamsson.nu\/wp-content\/uploads\/2010\/09\/marknad.jpeg 640w\" sizes=\"auto, (max-width: 300px) 100vw, 300px\" \/><\/a><p id=\"caption-attachment-2967\" class=\"wp-caption-text\">I mitten M-kvinnornas ordf\u00f6rande Magdalena Andersson, Malin till h\u00f6ger och \u00e4nnu en M-kvinna till v\u00e4nster, som jag tyv\u00e4rr inte har namnet p\u00e5.<\/p><\/div>\n<p><strong>N\u00e4st p\u00e5 tur p\u00e5<\/strong> onsdagens valprogram stod bes\u00f6k i Habo. Och Habo \u00e4r rakt inte vilken kommun som helst. F\u00f6rutom att den \u00e4r moderatledd sedan 1981 uts\u00e5gs Habo i v\u00e5ras av tidningen <a href=\"http:\/\/www.fokus.se\/2010\/05\/vilsamt-vid-vattern\/\">Fokus<\/a> till Sveriges b\u00e4sta plats att leva p\u00e5.<\/p>\n<p>S\u00e5 det \u00e4r klart att jag var v\u00e4ldigt nyfiken, s\u00e4rskilt p\u00e5 det moderata kommunalr\u00e5det Thomas Werth\u00e9n. Han \u00e4r en genomsympatisk man, skulle det visa sig, som hellre prioriterar kontakter med kommunens inv\u00e5nare \u00e4n att i on\u00f6dan n\u00f6ta skrivbordsstolen.<\/p>\n<p><strong>Men, som Werth\u00e9n<\/strong> understr\u00f6k, f\u00f6ruts\u00e4ttningen f\u00f6r att han ska kunna vara s\u00e5 mycket ute bland folk \u00e4r att han kan lita p\u00e5 kommunens tj\u00e4nstem\u00e4n och kvinnor. Och det kan han.<\/p>\n<p><strong>Att hans kontakt <\/strong>med kommunens befolkning \u00e4r b\u00e5de viktig och uppskattad framgick n\u00e4r vi stod d\u00e4r utanf\u00f6r kommunhuset och jag skulle fotografera Thomas.<\/p>\n<p><strong>Med ett hipphopp ut <\/strong>fr\u00e5n entr\u00e9d\u00f6rren fl\u00f6g tv\u00e5 pojkar i rullbr\u00e4de\u00e5ldern viftandes med ett tomt vitt papper som de hade f\u00e5tt av n\u00e5gon hygglig byr\u00e5krat.\u00a0Nu skulle de ut och samla namn f\u00f6r att fixa en ny rullbr\u00e4deramp!<\/p>\n<p>Aningen f\u00f6rbluffad iakttog jag hur kommunalr\u00e5det Thomas Werth\u00e9n verkligen tog sig tid att lyssna p\u00e5 grabbarnas \u00f6nskem\u00e5l och h\u00e4lsade dem hj\u00e4rtligt v\u00e4lkomna upp p\u00e5 hans tj\u00e4nsterum n\u00e4r deras tomma papper fyllts med namn. Ja, han pekade till och med ut vilket f\u00f6nster som var hans.<\/p>\n<p><strong>Det st\u00e4mmer att <\/strong>Thomas Werth\u00e9n \u00e4r sl\u00e4kt med den bortg\u00e5ngne Hans Werth\u00e9n, mannen som under hur m\u00e5nga \u00e5r som helst var portalfigur i svenskt n\u00e4ringsliv. Jag har honom p\u00e5 plansch p\u00e5 utedasset i V\u00e4rmland d\u00e4r han tillsammans med en s\u00e4kerhetsn\u00e5lprydd Stickan Andersson, en l\u00e4derpajkl\u00e4dd PG Gyllenhammar och en lika juvenil Anders Wall med \u00f6lburkar i h\u00f6gsta hugg utropar: Ungdomen beh\u00f6ver framtidstro!<\/p>\n<p>En annan person i Habo som gjorde intryck \u00e4r Johan Lundstr\u00f6m. Under lunchen i onsdags med partiv\u00e4nnerna, kommunalr\u00e5det Werth\u00e9n och lokalt n\u00e4ringsfolk presenterade sig Johan s\u00e5 d\u00e4r lite lagom anspr\u00e5ksl\u00f6st som bilf\u00f6rs\u00e4ljare.<\/p>\n<p><strong>Att han \u00e4r del\u00e4gare<\/strong> i <a href=\"http:\/\/www.runesbil.se\/\">Runes Bil AB <\/a>sa inte mig s\u00e5 mycket f\u00f6rr\u00e4n jag fick klart f\u00f6r mig att f\u00f6retaget har utm\u00e4rkt sig f\u00f6r sj\u00e4tte \u00e5ret i rad i kategorin bilf\u00f6rs\u00e4ljare som har mest n\u00f6jda\u00a0<a href=\"http:\/\/www.runesbil.se\/Aktuellt.aspx\">k\u00f6pare.<\/a><\/p>\n<p><a href=\"http:\/\/www.runesbil.se\/Aktuellt.aspx\"><\/a> Summa summarum: Att valkampanja \u00e4r kul och viktigt och bjuder p\u00e5 m\u00e5nga positiva \u00f6verraskningar!<\/p>\n<div id=\"attachment_2970\" style=\"width: 310px\" class=\"wp-caption aligncenter\"><a href=\"http:\/\/www.mariaabrahamsson.nu\/wp-content\/uploads\/2010\/09\/Habo2.jpeg\"><img loading=\"lazy\" decoding=\"async\" aria-describedby=\"caption-attachment-2970\" class=\"size-medium wp-image-2970\" title=\"Habo\" src=\"http:\/\/www.mariaabrahamsson.nu\/wp-content\/uploads\/2010\/09\/Habo2-300x225.jpg\" alt=\"\" width=\"300\" height=\"225\" srcset=\"https:\/\/www.mariaabrahamsson.nu\/wp-content\/uploads\/2010\/09\/Habo2-300x225.jpg 300w, https:\/\/www.mariaabrahamsson.nu\/wp-content\/uploads\/2010\/09\/Habo2.jpeg 640w\" sizes=\"auto, (max-width: 300px) 100vw, 300px\" \/><\/a><p id=\"caption-attachment-2970\" class=\"wp-caption-text\">Superframg\u00e5ngsrika Runes bil finns i Habo. Tillf\u00e4llighet?<\/p><\/div>\n<div id=\"attachment_2969\" style=\"width: 310px\" class=\"wp-caption alignright\"><a href=\"http:\/\/www.mariaabrahamsson.nu\/wp-content\/uploads\/2010\/09\/Habo1.jpeg\"><img loading=\"lazy\" decoding=\"async\" aria-describedby=\"caption-attachment-2969\" class=\"size-medium wp-image-2969\" title=\"Habo\" src=\"http:\/\/www.mariaabrahamsson.nu\/wp-content\/uploads\/2010\/09\/Habo1-300x225.jpg\" alt=\"\" width=\"300\" height=\"225\" srcset=\"https:\/\/www.mariaabrahamsson.nu\/wp-content\/uploads\/2010\/09\/Habo1-300x225.jpg 300w, https:\/\/www.mariaabrahamsson.nu\/wp-content\/uploads\/2010\/09\/Habo1.jpeg 640w\" sizes=\"auto, (max-width: 300px) 100vw, 300px\" \/><\/a><p id=\"caption-attachment-2969\" class=\"wp-caption-text\">Habos moderata kommunalr\u00e5d utanf\u00f6r kommunhuset en solig onsdag mitt under den brinnande valr\u00f6relsen 2010. <\/p><\/div>\n","protected":false},"excerpt":{"rendered":"<p class=\"more-link-p\"><a class=\"more-link\" href=\"https:\/\/www.mariaabrahamsson.nu\/index.php\/2010\/09\/05\/en-sallsynt-intensiv-valrorelsevecka-ar-till-anda\/\">Read more &rarr;<\/a><\/p>\n","protected":false},"author":2,"featured_media":0,"comment_status":"open","ping_status":"open","sticky":false,"template":"","format":"standard","meta":{"footnotes":""},"categories":[1],"tags":[],"class_list":["post-2966","post","type-post","status-publish","format-standard","hentry","category-uncategorized"],"_links":{"self":[{"href":"https:\/\/www.mariaabrahamsson.nu\/index.php\/wp-json\/wp\/v2\/posts\/2966","targetHints":{"allow":["GET"]}}],"collection":[{"href":"https:\/\/www.mariaabrahamsson.nu\/index.php\/wp-json\/wp\/v2\/posts"}],"about":[{"href":"https:\/\/www.mariaabrahamsson.nu\/index.php\/wp-json\/wp\/v2\/types\/post"}],"author":[{"embeddable":true,"href":"https:\/\/www.mariaabrahamsson.nu\/index.php\/wp-json\/wp\/v2\/users\/2"}],"replies":[{"embeddable":true,"href":"https:\/\/www.mariaabrahamsson.nu\/index.php\/wp-json\/wp\/v2\/comments?post=2966"}],"version-history":[{"count":0,"href":"https:\/\/www.mariaabrahamsson.nu\/index.php\/wp-json\/wp\/v2\/posts\/2966\/revisions"}],"wp:attachment":[{"href":"https:\/\/www.mariaabrahamsson.nu\/index.php\/wp-json\/wp\/v2\/media?parent=2966"}],"wp:term":[{"taxonomy":"category","embeddable":true,"href":"https:\/\/www.mariaabrahamsson.nu\/index.php\/wp-json\/wp\/v2\/categories?post=2966"},{"taxonomy":"post_tag","embeddable":true,"href":"https:\/\/www.mariaabrahamsson.nu\/index.php\/wp-json\/wp\/v2\/tags?post=2966"}],"curies":[{"name":"wp","href":"https:\/\/api.w.org\/{rel}","templated":true}]}}