{"id":2643,"date":"2010-08-04T22:11:48","date_gmt":"2010-08-04T22:11:48","guid":{"rendered":"http:\/\/www.mariaabrahamsson.nu\/?p=2643"},"modified":"2010-08-05T14:16:49","modified_gmt":"2010-08-05T14:16:49","slug":"battre-vara-sjuk-och-fattig-an-ha-jobb-och-ma-bra","status":"publish","type":"post","link":"https:\/\/www.mariaabrahamsson.nu\/index.php\/2010\/08\/04\/battre-vara-sjuk-och-fattig-an-ha-jobb-och-ma-bra\/","title":{"rendered":"B\u00e4ttre att vara sjuk och fattig \u00e4n att ha jobb och m\u00e5 bra"},"content":{"rendered":"<p><strong>Sommarlovet \u00e4r definitivt slut<\/strong>, det har jag blivit varse i dag. Uppe i\u00a0ottan f\u00f6r att utantill l\u00e4ra in mitt sommarprat i <a href=\"http:\/\/nyheter24.se\/sommarpratarna\/\">nyheter24.se <\/a>. Prins\u00a0Daniel har onekligen h\u00f6jt ribban till nya niv\u00e5er vad g\u00e4ller konsten att\u00a0<a href=\"http:\/\/svtplay.se\/v\/2048659\/prins_daniels_tal\">l\u00e4sa utan manus<\/a>.<\/p>\n<p>Klockan 13.00 \u00e4r jag i studion f\u00f6r inspelning. Det lika unga som s\u00f6ta\u00a0N24-folket tyckte efter\u00e5t att jag var j\u00e4ttebra! Jo, jag var r\u00e4tt n\u00f6jd sj\u00e4lv\u00a0ocks\u00e5. S\u00e5 n\u00f6jd att det k\u00e4nns snudd p\u00e5 olidligt att inte redan nu publicera\u00a0mitt manus till allm\u00e4n beundran h\u00e4r p\u00e5 bloggen.<\/p>\n<p><strong>Men jag beh\u00e4rskar <\/strong>mig,\u00a0mitt program kan man se p\u00e5 n\u00e4ttidningens webbsida fr\u00e5n klockan 09.00 p\u00e5\u00a0fredag. Konkurrensen hittills fr\u00e5n andra sommarpratare har inte varit direkt&#8230;m\u00f6rdande.<\/p>\n<p>Klockan 16.00 \u00e4r jag hemma igen efter en halvtaskig ensamlunch, inklusive\u00a0f\u00f6rberedelse inf\u00f6r eftermiddagens telefonintervju med frilansande<br \/>\nreportern Mikael Bergling p\u00e5 tidningen <a href=\"http:\/\/www.journalisten.se\/\">Journalisten<\/a>.<\/p>\n<p><strong>Som vi har gjort upp<\/strong> ringer Bergling klockan 16.30. Han g\u00f6r ett kn\u00e4ck om\u00a0journalister som i h\u00f6stens val kandiderar till politiska uppdrag.<\/p>\n<p>Jag tror att han allt blev lite skakad av att jag sa upp mig sj\u00e4lv fr\u00e5n SvD f\u00f6rra h\u00f6sten f\u00f6r att\u00a0satsa p\u00e5 politiken &#8211; utan l\u00f6n. Ungef\u00e4r som att kasta sig ut i vattnet utan\u00a0att kunna simma, och hoppas att man hinner l\u00e4ra sig det innan man\u00a0drunknar.<\/p>\n<p>S\u00e5 h\u00e4r i efterhand och med s\u00e4kerhetsmarginal kan jag v\u00e4l v\u00e5ga pysa ur mig att\u00a0\u00e4ven jag tyckte att det var lite m\u00e4rkligt att min arbetsgivare sedan 10 \u00e5r\u00a0uppenbarligen inte tyckte att det h\u00f6rde till god ton att skicka med mig\u00a0\u00e5tminstone en m\u00e5nadsl\u00f6n som tack f\u00f6r allt. Ja, n\u00e4r jag nu gick frivilligt\u00a0(till skillnad fr\u00e5n m\u00e5nga andra som lockades med 12 m\u00e5nadsl\u00f6ner om de\u00a0slutade i f\u00f6rtid). Men man slutar aldrig att f\u00f6rv\u00e5nas.<\/p>\n<p><strong>N\u00e5v\u00e4l, resultatet av <\/strong>Berglings intervju f\u00e5r jag bed\u00f6ma n\u00e4r jag ser den i\u00a0tryck. Men jag tyckte nog att det gick r\u00e4tt hyfsat.<\/p>\n<p>Mer b\u00e4var jag f\u00f6r hur jag ska klara alla \u00e5taganden och plikter under\u00a0valr\u00f6relsen. Min partif\u00f6rening hade styrelsem\u00f6te i kv\u00e4ll och j\u00f6sses vad\u00a0mycket som ska hinnas med under den dryga m\u00e5nad och en halv som \u00e5terst\u00e5r tills\u00a0vallokalerna st\u00e4nger den 19 september klockan 21.00!<\/p>\n<p><strong>Jag lovar att \u00e5terkomma <\/strong>med detaljerna. I kv\u00e4ll f\u00f6rs\u00f6ker jag bara sm\u00e4lta\u00a0n\u00e5gra av de mest tidskr\u00e4vande: Valstugebemanning, flygbladsutdelning,\u00a0framst\u00e4llning av slagkraftiga affischer, fotografering, f\u00f6rbereda pepptal p\u00e5 moderatm\u00f6ten, t\u00e4nka ut stora tankar f\u00f6r den framtida politiken, delta i happenings\u00a0av allehanda slag, d\u00f6rrknacka, trolla fram gr\u00e4sr\u00f6tter som kan t\u00e4nka sig att dela ut\u00a0valsedlar i vallokalerna (bara min f\u00f6renings distrikt har 9 lokaler att\u00a0bemanna mellan 08.00-21.00 p\u00e5 valdagen, om jag inte har r\u00e4knat fel).<\/p>\n<p>Sn\u00e4lla, du som l\u00e4ser detta, skulle du k\u00e4nna att du g\u00e4rna vill g\u00f6ra en insats i\u00a0valr\u00f6relsen &#8211; h\u00f6r av dig till mig s\u00e5 grejar vi det!!!<\/p>\n<p><strong>Vad som dock f\u00f6r mig<\/strong> har \u00f6verskuggat den h\u00e4r dagen som lider mot sitt slut \u00e4r <a href=\"http:\/\/sverigesradio.se\/sida\/artikel.aspx?programid=1650&amp;artikel=3896707\">debatten<\/a> i P1 Morgon. Den om\u00a0regeringens sjukf\u00f6rs\u00e4kringsreform som tr\u00e4dde i kraft vid \u00e5rsskiftet och\u00a0som syftar till att fler l\u00e5ngtidssjukskrivna genom rehabilitering och med ers\u00e4ttning i\u00a0arbetsf\u00f6rmedlingens regi (&#8221;utf\u00f6rs\u00e4krade&#8221; f\u00f6r att tala sosse-spr\u00e5k) ska\u00a0kunna komma tillbaka till arbete.<\/p>\n<p>Nog f\u00f6r att jag har vetat det hela tiden, men i morse uppf\u00f6rde sig P1:s\u00a0programledare som en obrottslig lojal valarbetare \u00e5t det\u00a0socialdemokratiska partiet. F\u00f6rutom att hon (ja, \u00e4ven <a href=\"http:\/\/sverigesradio.se\/sida\/gruppsida.aspx?programid=83&amp;grupp=10974&amp;artikel=3896702\">Ekot<\/a>) trummade in begreppet \u201dutf\u00f6rs\u00e4krade\u201d s\u00e5 att det stod\u00a0h\u00e4rliga till, var det p\u00e5 sossevis helt ointressant att tusentals\u00a0m\u00e4nniskor tack vare alliansregeringens reform har kommit en bit p\u00e5 v\u00e4g mot ett jobb och\u00a0ett mer fullv\u00e4rdigt liv.<\/p>\n<p><strong>De hundratals m\u00e4nniskor<\/strong> som sedan \u00e5rsskiftet &#8211; tack vare reformen &#8211; har\u00a0tagit steget fullt ut fr\u00e5n l\u00e5ngtidssjukskrivning (l\u00e4ngre \u00e4n\u00a02,5 \u00e5r) till arbetsmarknaden, uppm\u00e4rksammades visserligen av b\u00e5de Ekot och P1 Morgon. Men d\u00e5 med vinkeln att reformen har\u00a0misslyckats!<\/p>\n<p>Mer inspirerad att\u00a0driva en stenh\u00e5rd valr\u00f6relse\u00a0(triggad f\u00f6r att tala nyspr\u00e5k) kan en\u00a0arbetslinje\u00f6vertygad moderat knappast bli. Heder \u00e5t <a href=\"http:\/\/gunnaraxen.blogspot.com\/2010\/08\/en-sjukforsakring-under-tillfrisknande.html\">Gunnar Ax\u00e9n <\/a>som gjorde en imponerande insats f\u00f6r att r\u00e4ta upp programmets ideologiska slagsida.<\/p>\n<p><strong>Det forna arbetarepartiet <\/strong>har\u00a0anledning att frukta att regeringen f\u00e5r med sig de i runda sl\u00e4ngar 27\u00a0000 f\u00f6re detta l\u00e5ngtidssjukskrivna m\u00e4nniskor som innan \u00e5ret \u00e4r slut,\u00a0enligt F\u00f6rs\u00e4kringskassans prognos, kommer att vara i arbetstr\u00e4ning eller p\u00e5 v\u00e4g ut p\u00e5 den\u00a0regulj\u00e4ra arbetsmarknaden.<\/p>\n<p>Och d\u00e5 talar vi i storleksordningen om befolkningen\u00a0i hela <a href=\"http:\/\/www.arvika.se\/\">Arvika\u00a0kommun<\/a>.<\/p>\n","protected":false},"excerpt":{"rendered":"<p>Sommarlovet \u00e4r definitivt slut, det har jag blivit varse i dag. Uppe i\u00a0ottan f\u00f6r att utantill l\u00e4ra in mitt sommarprat i nyheter24.se . Prins\u00a0Daniel har onekligen h\u00f6jt ribban till nya niv\u00e5er vad g\u00e4ller konsten att\u00a0l\u00e4sa utan manus. Klockan 13.00 \u00e4r jag i studion f\u00f6r inspelning. Det lika unga som s\u00f6ta\u00a0N24-folket tyckte efter\u00e5t att jag var&hellip;<\/p>\n<p class=\"more-link-p\"><a class=\"more-link\" href=\"https:\/\/www.mariaabrahamsson.nu\/index.php\/2010\/08\/04\/battre-vara-sjuk-och-fattig-an-ha-jobb-och-ma-bra\/\">Read more &rarr;<\/a><\/p>\n","protected":false},"author":2,"featured_media":0,"comment_status":"open","ping_status":"open","sticky":false,"template":"","format":"standard","meta":{"footnotes":""},"categories":[1],"tags":[],"class_list":["post-2643","post","type-post","status-publish","format-standard","hentry","category-uncategorized"],"_links":{"self":[{"href":"https:\/\/www.mariaabrahamsson.nu\/index.php\/wp-json\/wp\/v2\/posts\/2643","targetHints":{"allow":["GET"]}}],"collection":[{"href":"https:\/\/www.mariaabrahamsson.nu\/index.php\/wp-json\/wp\/v2\/posts"}],"about":[{"href":"https:\/\/www.mariaabrahamsson.nu\/index.php\/wp-json\/wp\/v2\/types\/post"}],"author":[{"embeddable":true,"href":"https:\/\/www.mariaabrahamsson.nu\/index.php\/wp-json\/wp\/v2\/users\/2"}],"replies":[{"embeddable":true,"href":"https:\/\/www.mariaabrahamsson.nu\/index.php\/wp-json\/wp\/v2\/comments?post=2643"}],"version-history":[{"count":0,"href":"https:\/\/www.mariaabrahamsson.nu\/index.php\/wp-json\/wp\/v2\/posts\/2643\/revisions"}],"wp:attachment":[{"href":"https:\/\/www.mariaabrahamsson.nu\/index.php\/wp-json\/wp\/v2\/media?parent=2643"}],"wp:term":[{"taxonomy":"category","embeddable":true,"href":"https:\/\/www.mariaabrahamsson.nu\/index.php\/wp-json\/wp\/v2\/categories?post=2643"},{"taxonomy":"post_tag","embeddable":true,"href":"https:\/\/www.mariaabrahamsson.nu\/index.php\/wp-json\/wp\/v2\/tags?post=2643"}],"curies":[{"name":"wp","href":"https:\/\/api.w.org\/{rel}","templated":true}]}}