{"id":2628,"date":"2010-08-03T08:11:16","date_gmt":"2010-08-03T08:11:16","guid":{"rendered":"http:\/\/www.mariaabrahamsson.nu\/?p=2628"},"modified":"2010-08-03T08:11:55","modified_gmt":"2010-08-03T08:11:55","slug":"vill-wetterstrand-att-akesson-blir-annu-gladare","status":"publish","type":"post","link":"https:\/\/www.mariaabrahamsson.nu\/index.php\/2010\/08\/03\/vill-wetterstrand-att-akesson-blir-annu-gladare\/","title":{"rendered":"Vill Wetterstrand g\u00f6ra \u00c5kesson \u00e4nnu gladare?"},"content":{"rendered":"<p><strong>Aftonbladet\/United Minds<\/strong> bjuder p\u00e5 en <a href=\"http:\/\/www.aftonbladet.se\/nyheter\/valet2010\/opinionsundersokningar\/article7561925.ab\">kalldusch<\/a>.\u00a0Det \u00e4r d\u00f6tt lopp mellan Alliansen och De r\u00f6dgr\u00f6na i tidningens m\u00e4tning av v\u00e4ljarsympatierna. Samtidigt f\u00e5r Sverigedemokraterna efter den 19 september en v\u00e5gm\u00e4starroll i Sveriges riksdag.<\/p>\n<p>Samma hypotetiska men likv\u00e4l orov\u00e4ckande scenario avhandla jag med Maria Wetterstrand under <a href=\"http:\/\/www.mariaabrahamsson.nu\/index.php\/2010\/07\/13\/sa-forsattes-maria-wetterstrand-i-mellanlage\/\">Almedalsveckan<\/a>.<\/p>\n<p><strong>Likgiltig inf\u00f6r <\/strong>det faktum att Sverigedemokraterna kan bli \u00e4nnu st\u00f6rre i ett nyval resonerade Wetterstrand att det beroende p\u00e5 h\u00f6stens valutg\u00e5ng kan bli aktuellt med ett nyval.<\/p>\n<p>Jag \u00e4r den f\u00f6rsta att inst\u00e4mma i att ett parti som g\u00e5r\u00a0till val p\u00e5 att bilda regering med V\u00e4nsterpartiet, inte \u00e4r n\u00e5gon \u00f6nskepartner f\u00f6r en borgerlig regering.\u00a0Men skulle v\u00e4ljarna i h\u00f6stens val f\u00f6rs\u00e4tta landet i ett extremt parlamentariskt l\u00e4ge samtidigt som Alliansen &#8211; eller De r\u00f6dgr\u00f6na &#8211; vinner valet men utan att lyckas att f\u00e5 ihop egen majoritet,\u00a0d\u00e5 \u00e5terst\u00e5r bara att v\u00e4lja det minst d\u00e5liga av tv\u00e5 usla alternativ. N\u00e4mligen att regeringen &#8211; obs! oavsett f\u00e4rg &#8211; pr\u00f6var om samverkan \u00f6ver blockgr\u00e4nserna \u00e4r m\u00f6jligt.<\/p>\n<p>Jag kan tycka att v\u00e4ljarna som en ren konsumentupplysning borde upplysas f\u00f6re valet om hur partierna ser p\u00e5 den saken.<\/p>\n<p><strong>F\u00f6r l\u00f6sningen \u00e4r inte<\/strong> att regeringen avg\u00e5r och &#8211; som Wetterstrand svamlade om &#8211; att det h\u00e5lls nyval.<\/p>\n<p>Eller s\u00e4g s\u00e5 h\u00e4r: Vilket parti f\u00f6rutom Sverigedemokraterna v\u00e5gar ta risken att Jimmie \u00c5kesson blir \u00e4nnu gladare? Milj\u00f6partiet?<\/p>\n<p><strong><br \/>\n<\/strong><\/p>\n","protected":false},"excerpt":{"rendered":"<p>Aftonbladet\/United Minds bjuder p\u00e5 en kalldusch.\u00a0Det \u00e4r d\u00f6tt lopp mellan Alliansen och De r\u00f6dgr\u00f6na i tidningens m\u00e4tning av v\u00e4ljarsympatierna. Samtidigt f\u00e5r Sverigedemokraterna efter den 19 september en v\u00e5gm\u00e4starroll i Sveriges riksdag. Samma hypotetiska men likv\u00e4l orov\u00e4ckande scenario avhandla jag med Maria Wetterstrand under Almedalsveckan. Likgiltig inf\u00f6r det faktum att Sverigedemokraterna kan bli \u00e4nnu st\u00f6rre i&hellip;<\/p>\n<p class=\"more-link-p\"><a class=\"more-link\" href=\"https:\/\/www.mariaabrahamsson.nu\/index.php\/2010\/08\/03\/vill-wetterstrand-att-akesson-blir-annu-gladare\/\">Read more &rarr;<\/a><\/p>\n","protected":false},"author":2,"featured_media":0,"comment_status":"open","ping_status":"open","sticky":false,"template":"","format":"standard","meta":{"footnotes":""},"categories":[1],"tags":[],"class_list":["post-2628","post","type-post","status-publish","format-standard","hentry","category-uncategorized"],"_links":{"self":[{"href":"https:\/\/www.mariaabrahamsson.nu\/index.php\/wp-json\/wp\/v2\/posts\/2628","targetHints":{"allow":["GET"]}}],"collection":[{"href":"https:\/\/www.mariaabrahamsson.nu\/index.php\/wp-json\/wp\/v2\/posts"}],"about":[{"href":"https:\/\/www.mariaabrahamsson.nu\/index.php\/wp-json\/wp\/v2\/types\/post"}],"author":[{"embeddable":true,"href":"https:\/\/www.mariaabrahamsson.nu\/index.php\/wp-json\/wp\/v2\/users\/2"}],"replies":[{"embeddable":true,"href":"https:\/\/www.mariaabrahamsson.nu\/index.php\/wp-json\/wp\/v2\/comments?post=2628"}],"version-history":[{"count":0,"href":"https:\/\/www.mariaabrahamsson.nu\/index.php\/wp-json\/wp\/v2\/posts\/2628\/revisions"}],"wp:attachment":[{"href":"https:\/\/www.mariaabrahamsson.nu\/index.php\/wp-json\/wp\/v2\/media?parent=2628"}],"wp:term":[{"taxonomy":"category","embeddable":true,"href":"https:\/\/www.mariaabrahamsson.nu\/index.php\/wp-json\/wp\/v2\/categories?post=2628"},{"taxonomy":"post_tag","embeddable":true,"href":"https:\/\/www.mariaabrahamsson.nu\/index.php\/wp-json\/wp\/v2\/tags?post=2628"}],"curies":[{"name":"wp","href":"https:\/\/api.w.org\/{rel}","templated":true}]}}