{"id":2529,"date":"2010-07-17T11:52:13","date_gmt":"2010-07-17T11:52:13","guid":{"rendered":"http:\/\/www.mariaabrahamsson.nu\/?p=2529"},"modified":"2010-07-17T12:51:18","modified_gmt":"2010-07-17T12:51:18","slug":"hildan-skarhed-bor-tanka-ett-varv-till","status":"publish","type":"post","link":"https:\/\/www.mariaabrahamsson.nu\/index.php\/2010\/07\/17\/hildan-skarhed-bor-tanka-ett-varv-till\/","title":{"rendered":"\u201dHildan\u201d Skarhed b\u00f6r t\u00e4nka ett varv till"},"content":{"rendered":"<p><strong>Det kvinnliga juristn\u00e4tverket<\/strong> Hilda <a href=\"http:\/\/www.svd.se\/opinion\/brannpunkt\/jk-bor-lamna-natverket-hilda_5002655.svd\">ifr\u00e5gas\u00e4tts<\/a> nu \u00e4ven av den moderata riksdagskvinnan<a href=\"http:\/\/www.svd.se\/opinion\/brannpunkt\/jk-bor-lamna-natverket-hilda_5002655.svd\"> Elisabeth Svantesson<\/a>. (Hennes blogg finns\u00a0<a href=\"http:\/\/elisabethsvantesson.se\/\">h\u00e4r<\/a>!)<\/p>\n<p>Det k\u00e4nns bra att <a href=\"http:\/\/www.mariaabrahamsson.nu\/index.php\/2010\/04\/14\/kvinnligt-frimureri-lika-illa-som-manligt\/\">f\u00e5 s\u00e4llskap<\/a> av en partikamrat i den h\u00e4r debatten, f\u00f6r den \u00e4r viktig.\u00a0Och Svantesson \u00e4r inte vem helst, utan bland annat ledamot i styrelsen f\u00f6r Riksrevisorerna. Det \u00e4r ett kontrollorgan d\u00e4r det tydligen har ansetts ol\u00e4mpligt att f\u00f6rena uppdrag som riksrevisor med ledamotskap i Hilda, n\u00e5got som nytilltr\u00e4dda riksrevisorn <a href=\"http:\/\/www.advokatsamfundet.se\/templates\/CommonPage.aspx?id=9810\">Gudrun Antemar<\/a> har tagit konsekvenserna av och l\u00e4mnat Hilda.<\/p>\n<p>F\u00f6r Justititiekansler Anna Skarhed \u00e4r debatten besv\u00e4rande,\u00a0det framgick med all tydlighet av <a href=\"http:\/\/sverigesradio.se\/sida\/artikel.aspx?programid=83&amp;artikel=3860723\">Ekots intervju <\/a>med henne. Skarhed ser sj\u00e4lv inte\u00a0n\u00e5got f\u00f6rtroendeproblem med att hon ing\u00e5r i ett n\u00e4tverk som har till syfte att fr\u00e4mja att kvinnliga jurister ska behandlas r\u00e4ttvist vid rekryteringen av h\u00f6ga jurister inom statsapparaten.<\/p>\n<p><strong>Nej, men om andra<\/strong> insiktsfulla bed\u00f6mare g\u00f6r det borde hon fundera \u00f6ver l\u00e4mpligheten av att JK, som i likhet med Riksrevisorerna \u00e4r en kontrollmyndighet, samtidigt \u00e4r en Hilda.<\/p>\n<p>Kanske borde Skarhed ocks\u00e5 st\u00e4lla sig kontrollfr\u00e5gan: Hur skulle f\u00f6rtroendet p\u00e5verkas f\u00f6r en manlig JK om han samtidigt var med i juristn\u00e4tverket Harald med uttalat syfte att fr\u00e4mja en r\u00e4ttvis behandling av manliga jurister vid rekryteringen av h\u00f6ga jurister i statsapparaten?<\/p>\n","protected":false},"excerpt":{"rendered":"<p>Det kvinnliga juristn\u00e4tverket Hilda ifr\u00e5gas\u00e4tts nu \u00e4ven av den moderata riksdagskvinnan Elisabeth Svantesson. (Hennes blogg finns\u00a0h\u00e4r!) Det k\u00e4nns bra att f\u00e5 s\u00e4llskap av en partikamrat i den h\u00e4r debatten, f\u00f6r den \u00e4r viktig.\u00a0Och Svantesson \u00e4r inte vem helst, utan bland annat ledamot i styrelsen f\u00f6r Riksrevisorerna. Det \u00e4r ett kontrollorgan d\u00e4r det tydligen har ansetts&hellip;<\/p>\n<p class=\"more-link-p\"><a class=\"more-link\" href=\"https:\/\/www.mariaabrahamsson.nu\/index.php\/2010\/07\/17\/hildan-skarhed-bor-tanka-ett-varv-till\/\">Read more &rarr;<\/a><\/p>\n","protected":false},"author":2,"featured_media":0,"comment_status":"open","ping_status":"open","sticky":false,"template":"","format":"standard","meta":{"footnotes":""},"categories":[1],"tags":[],"class_list":["post-2529","post","type-post","status-publish","format-standard","hentry","category-uncategorized"],"_links":{"self":[{"href":"https:\/\/www.mariaabrahamsson.nu\/index.php\/wp-json\/wp\/v2\/posts\/2529","targetHints":{"allow":["GET"]}}],"collection":[{"href":"https:\/\/www.mariaabrahamsson.nu\/index.php\/wp-json\/wp\/v2\/posts"}],"about":[{"href":"https:\/\/www.mariaabrahamsson.nu\/index.php\/wp-json\/wp\/v2\/types\/post"}],"author":[{"embeddable":true,"href":"https:\/\/www.mariaabrahamsson.nu\/index.php\/wp-json\/wp\/v2\/users\/2"}],"replies":[{"embeddable":true,"href":"https:\/\/www.mariaabrahamsson.nu\/index.php\/wp-json\/wp\/v2\/comments?post=2529"}],"version-history":[{"count":0,"href":"https:\/\/www.mariaabrahamsson.nu\/index.php\/wp-json\/wp\/v2\/posts\/2529\/revisions"}],"wp:attachment":[{"href":"https:\/\/www.mariaabrahamsson.nu\/index.php\/wp-json\/wp\/v2\/media?parent=2529"}],"wp:term":[{"taxonomy":"category","embeddable":true,"href":"https:\/\/www.mariaabrahamsson.nu\/index.php\/wp-json\/wp\/v2\/categories?post=2529"},{"taxonomy":"post_tag","embeddable":true,"href":"https:\/\/www.mariaabrahamsson.nu\/index.php\/wp-json\/wp\/v2\/tags?post=2529"}],"curies":[{"name":"wp","href":"https:\/\/api.w.org\/{rel}","templated":true}]}}