{"id":2520,"date":"2010-07-16T09:07:39","date_gmt":"2010-07-16T09:07:39","guid":{"rendered":"http:\/\/www.mariaabrahamsson.nu\/?p=2520"},"modified":"2010-07-16T09:12:19","modified_gmt":"2010-07-16T09:12:19","slug":"moderat-med-tuggmotstand-det-ar-jag","status":"publish","type":"post","link":"https:\/\/www.mariaabrahamsson.nu\/index.php\/2010\/07\/16\/moderat-med-tuggmotstand-det-ar-jag\/","title":{"rendered":"Moderat med tuggmotst\u00e5nd &#8211; det \u00e4r jag!"},"content":{"rendered":"<p><strong><a href=\"http:\/\/www.folkbladet.se\/nyheter\/\">Folkbladets<\/a> politiska chefredakt\u00f6r<\/strong> Widar Andersson ber\u00e4ttar i dag att han med vissa undantag har sv\u00e5rt f\u00f6r moderater. Mig st\u00e5r han dock ut med eftersom jag \u00e4r en &#8221;moderat med tuggmotst\u00e5nd&#8221;.<\/p>\n<p>Ett finare omd\u00f6me har jag sv\u00e5rt att t\u00e4nka mig fr\u00e5n en l\u00e5t vara inte alltid s\u00e5 partitrogen socialdemokrat.\u00a0S\u00e5 tack\u00a0Widar f\u00f6r dina uppskattande <a href=\"http:\/\/www.folkbladet.se\/opinion\/ledare\/artikel.aspx?articleid=5285913\">rader<\/a> om min <a href=\"http:\/\/www.politikerbloggen.se\/2010\/07\/06\/33773\/\">skrift <\/a>om den underskattade faran med antibiotikaresistens. (Skriften kan f\u00f6rresten best\u00e4llas gratis <a href=\"http:\/\/www.lif.se\/cs\/default.asp?id=6120&amp;nav=Framtiden\">h\u00e4r)<\/a>.<\/p>\n<p><strong>Och tuggmotst\u00e5nd<\/strong> har jag f\u00f6r avsikt att bjuda p\u00e5 \u00e4ven i forts\u00e4ttningen!<\/p>\n","protected":false},"excerpt":{"rendered":"<p>Folkbladets politiska chefredakt\u00f6r Widar Andersson ber\u00e4ttar i dag att han med vissa undantag har sv\u00e5rt f\u00f6r moderater. Mig st\u00e5r han dock ut med eftersom jag \u00e4r en &#8221;moderat med tuggmotst\u00e5nd&#8221;. Ett finare omd\u00f6me har jag sv\u00e5rt att t\u00e4nka mig fr\u00e5n en l\u00e5t vara inte alltid s\u00e5 partitrogen socialdemokrat.\u00a0S\u00e5 tack\u00a0Widar f\u00f6r dina uppskattande rader om min&hellip;<\/p>\n<p class=\"more-link-p\"><a class=\"more-link\" href=\"https:\/\/www.mariaabrahamsson.nu\/index.php\/2010\/07\/16\/moderat-med-tuggmotstand-det-ar-jag\/\">Read more &rarr;<\/a><\/p>\n","protected":false},"author":2,"featured_media":0,"comment_status":"open","ping_status":"open","sticky":false,"template":"","format":"standard","meta":{"footnotes":""},"categories":[1],"tags":[],"class_list":["post-2520","post","type-post","status-publish","format-standard","hentry","category-uncategorized"],"_links":{"self":[{"href":"https:\/\/www.mariaabrahamsson.nu\/index.php\/wp-json\/wp\/v2\/posts\/2520","targetHints":{"allow":["GET"]}}],"collection":[{"href":"https:\/\/www.mariaabrahamsson.nu\/index.php\/wp-json\/wp\/v2\/posts"}],"about":[{"href":"https:\/\/www.mariaabrahamsson.nu\/index.php\/wp-json\/wp\/v2\/types\/post"}],"author":[{"embeddable":true,"href":"https:\/\/www.mariaabrahamsson.nu\/index.php\/wp-json\/wp\/v2\/users\/2"}],"replies":[{"embeddable":true,"href":"https:\/\/www.mariaabrahamsson.nu\/index.php\/wp-json\/wp\/v2\/comments?post=2520"}],"version-history":[{"count":0,"href":"https:\/\/www.mariaabrahamsson.nu\/index.php\/wp-json\/wp\/v2\/posts\/2520\/revisions"}],"wp:attachment":[{"href":"https:\/\/www.mariaabrahamsson.nu\/index.php\/wp-json\/wp\/v2\/media?parent=2520"}],"wp:term":[{"taxonomy":"category","embeddable":true,"href":"https:\/\/www.mariaabrahamsson.nu\/index.php\/wp-json\/wp\/v2\/categories?post=2520"},{"taxonomy":"post_tag","embeddable":true,"href":"https:\/\/www.mariaabrahamsson.nu\/index.php\/wp-json\/wp\/v2\/tags?post=2520"}],"curies":[{"name":"wp","href":"https:\/\/api.w.org\/{rel}","templated":true}]}}