{"id":2509,"date":"2010-07-15T18:39:48","date_gmt":"2010-07-15T18:39:48","guid":{"rendered":"http:\/\/www.mariaabrahamsson.nu\/?p=2509"},"modified":"2010-07-17T12:51:36","modified_gmt":"2010-07-17T12:51:36","slug":"lena-melin-kanske-redan-har-dragits-med-i-fallet","status":"publish","type":"post","link":"https:\/\/www.mariaabrahamsson.nu\/index.php\/2010\/07\/15\/lena-melin-kanske-redan-har-dragits-med-i-fallet\/","title":{"rendered":"Lena Mellin kanske rent av dras med i fallet"},"content":{"rendered":"<p><strong>Erbjudanden om <\/strong>att kommentera turerna kring Sven Otto Littorins avg\u00e5ng har inte saknats. Men till skillnad fr\u00e5n m\u00e5nga andra har jag valt att knipa k\u00e4ft. Tills nu.<\/p>\n<p>L\u00e5t mig backa bandet. Jag var motst\u00e5ndare till sexk\u00f6pslagen n\u00e4r den inf\u00f6rdes 1999. Som jurist p\u00e5 riksdagskansliet skrev jag underlag f\u00f6r en\u00a0<a href=\"http:\/\/www.riksdagen.se\/Webbnav\/index.aspx?nid=410&amp;dok_id=GL02Ju24\">M-motion<\/a> i \u00e4mnet. Partiet yrkade d\u00e4r avslag p\u00e5 en kriminalisering, bland annat med denna motivering:<\/p>\n<p><strong>&#8221;Vi kan inte heller <\/strong>st\u00e4lla oss bakom regeringens f\u00f6rslag att inf\u00f6ra ett f\u00f6rbud mot k\u00f6p av sexuella tj\u00e4nster eftersom vi i likhet med majoriteten av alla remissinstanser \u2013 och som synes \u00e4ven regeringen \u2013 ifr\u00e5gas\u00e4tter om en s\u00e5dan kriminalisering \u00f6ver huvud taget kan bli effektiv. Som regeringen sj\u00e4lv antyder \u00e4r f\u00f6rslaget mer symboliskt betingat \u00e4n motiverat av effektivitetsh\u00e4nsyn.&#8221;<\/p>\n<p>Detta \u00e4r nu historia. Men h\u00e4romdagen landade Justitiekansler Anna Skarheds <a href=\"http:\/\/www.regeringen.se\/sb\/d\/7251\/a\/149206\">utv\u00e4rdering<\/a> av den tio \u00e5r gamla sexk\u00f6pslagen p\u00e5 justitieministerns bord.<\/p>\n<p><strong>&#8211; Jag tycker att det <\/strong>\u00e4r bra att vi f\u00e5r den h\u00e4r utv\u00e4rderingen och det \u00e4r <a href=\"http:\/\/www.dn.se\/nyheter\/sverige\/skarpt-straff-for-sexkop-foreslas-1.1131984\">roligt att notera <\/a>att lagen faktiskt ger effekt, \u00a0tyckte justitieministern. En uppfattning som underk\u00e4nns av forskare p\u00e5 dagens <a href=\"http:\/\/www.svd.se\/opinion\/brannpunkt\/tvivelaktig-rapport-om-sexkop_4994599.svd\">SvD Br\u00e4nnpunkt<\/a>.<span style=\"font-size: small;\"><br \/>\n<\/span><\/p>\n<p><span style=\"font-size: small;\"><span style=\"font-size: 13px;\">F\u00f6r egen del <a href=\"http:\/\/www.svd.se\/opinion\/ledarsidan\/damen-i-baren-minns-jag-tydligt_2534449.svd\">vidh\u00e5ller jag<\/a> att det inte n\u00f6dv\u00e4ndigtvis \u00e4r ett problem att vuxna m\u00e4nniskor har frihet att ing\u00e5 avtal, inte ens om det r\u00f6r sig om att k\u00f6pa sex. <\/span><\/span><\/p>\n<p>Men men, i mitt nya liv som kandidat f\u00f6r Moderaterna i h\u00f6stens riksdagsval gjorde jag mig i v\u00e5ras ov\u00e4n med en del partikompisar n\u00e4r jag <a href=\"http:\/\/www.mariaabrahamsson.nu\/index.php\/2010\/03\/28\/asks-bludder-fortjanar-mer-an-en-axelryckning\/\">s\u00e5gade<\/a> justitieministerns utspel att skicka f\u00e4rgglada kuvert till misst\u00e4nkta men \u00e4nnu inte d\u00f6mda sexk\u00f6pare. Jo, jag har noterat att man p\u00e5 olika h\u00e5ll har raljerat \u00f6ver Asks gredelina kuvert med anledning av Littorin-aff\u00e4ren. No comments, \u00e4r min kommentar.<\/p>\n<p><strong>Som saker och ting<\/strong> har utvecklats sedan Littorins presskonferensen i Visby i f\u00f6rra veckan utesluter jag inte att <a href=\"http:\/\/www.dn.se\/nyheter\/valet2010\/nu-talar-littorin-ut-1.1137258\">arbetsmarknadsministern<\/a> kan dra Aftonbladets <a href=\"http:\/\/www.aftonbladet.se\/nyheter\/article7469851.ab\">Lena Mellin<\/a> med sig i fallet.<\/p>\n<p>Torsdag afton, ett dygn efter Littorins avhopp och drygt ett dygn f\u00f6re Aftonbladets sensationella anklagelse i l\u00f6rdagstidningen om att Littorin skulle ha k\u00f6pt sex av en prostituerad kvinna, iakttar inte bara jag hur tidningens t f ansvariga utgivare Lena Mellin hela kv\u00e4llen knatar omkring i Visbys mediet\u00e4taste tr\u00e4dg\u00e5rdskrog, ivrigt babblande i mobiltelefon. Vad saken g\u00e4ller r\u00e5der det intet tvivel om. \u00c4r det s\u00e5 Sveriges st\u00f6rsta tidning ut\u00f6var sitt utgivareansvar?<\/p>\n<p><strong>Sven Otto Littorin<\/strong> \u00e4r helt s\u00e4kert kapabel att skapa sig en ny framtid. Utg\u00e5ngen i tryckfrihetsr\u00e4tteg\u00e5ngar \u00e4r oftast en d\u00e5lig aff\u00e4r f\u00f6r den som upplever sig f\u00f6rtalad. Men ibland kan det \u00e4nd\u00e5 vara v\u00e4rt att g\u00f6ra ett <a href=\"http:\/\/www.politikerbloggen.se\/2010\/07\/15\/34383\/\">f\u00f6rs\u00f6k<\/a>.<\/p>\n<p>Journalisternas uppgift \u00e4r f\u00f6rvisso inte att stryka politiker medh\u00e5rs. Men heller inte att f\u00f6ra vidare l\u00f6st skvaller om brott som aldrig ens kan utredas (d\u00e4rf\u00f6r att som i detta fall preskription har intr\u00e4tt) och som kategoriskt f\u00f6rnekas av den som utpekas.<\/p>\n<p><a href=\"http:\/\/www.expressen.se\/Nyheter\/val2010\/1.2064753\/dementin-ord-for-ord\">Lena Mellin<\/a> har sannerligen ingen heder av sitt publiceringsbeslut, i v\u00e4rsta fall har hon till och med f\u00f6rs\u00e4mrat r\u00e4ttss\u00e4kerheten i landet. Det stod klart f\u00f6r mig n\u00e4r jag under vinjetten &#8221;kritiska r\u00f6ster&#8221; l\u00e4ste f\u00f6ljande uttalande av en barnl\u00e4kare (SvD 12\/7):<\/p>\n<p><strong>&#8211; Jag tror inte att <\/strong>Sven Otto Littorin talar sanning. Jag tycker att Aftonbladet har starka bevis, skulle jag sitta som n\u00e4mndeman tycker jag att de hade r\u00e4ckt f\u00f6r att d\u00f6ma honom.<\/p>\n<p>Jo, \u00e4ven<strong> <\/strong>justitieministern uttalar sig om n\u00e4mndemannasystemet i dag, <a href=\"http:\/\/allehanda.se\/start\/harnosand\/1.2183831-snart-kan-domar-komma-snabbare\">h\u00e4r.<\/a><\/p>\n","protected":false},"excerpt":{"rendered":"<p>Erbjudanden om att kommentera turerna kring Sven Otto Littorins avg\u00e5ng har inte saknats. Men till skillnad fr\u00e5n m\u00e5nga andra har jag valt att knipa k\u00e4ft. Tills nu. L\u00e5t mig backa bandet. Jag var motst\u00e5ndare till sexk\u00f6pslagen n\u00e4r den inf\u00f6rdes 1999. Som jurist p\u00e5 riksdagskansliet skrev jag underlag f\u00f6r en\u00a0M-motion i \u00e4mnet. Partiet yrkade d\u00e4r avslag&hellip;<\/p>\n<p class=\"more-link-p\"><a class=\"more-link\" href=\"https:\/\/www.mariaabrahamsson.nu\/index.php\/2010\/07\/15\/lena-melin-kanske-redan-har-dragits-med-i-fallet\/\">Read more &rarr;<\/a><\/p>\n","protected":false},"author":2,"featured_media":0,"comment_status":"open","ping_status":"open","sticky":false,"template":"","format":"standard","meta":{"footnotes":""},"categories":[1],"tags":[],"class_list":["post-2509","post","type-post","status-publish","format-standard","hentry","category-uncategorized"],"_links":{"self":[{"href":"https:\/\/www.mariaabrahamsson.nu\/index.php\/wp-json\/wp\/v2\/posts\/2509","targetHints":{"allow":["GET"]}}],"collection":[{"href":"https:\/\/www.mariaabrahamsson.nu\/index.php\/wp-json\/wp\/v2\/posts"}],"about":[{"href":"https:\/\/www.mariaabrahamsson.nu\/index.php\/wp-json\/wp\/v2\/types\/post"}],"author":[{"embeddable":true,"href":"https:\/\/www.mariaabrahamsson.nu\/index.php\/wp-json\/wp\/v2\/users\/2"}],"replies":[{"embeddable":true,"href":"https:\/\/www.mariaabrahamsson.nu\/index.php\/wp-json\/wp\/v2\/comments?post=2509"}],"version-history":[{"count":0,"href":"https:\/\/www.mariaabrahamsson.nu\/index.php\/wp-json\/wp\/v2\/posts\/2509\/revisions"}],"wp:attachment":[{"href":"https:\/\/www.mariaabrahamsson.nu\/index.php\/wp-json\/wp\/v2\/media?parent=2509"}],"wp:term":[{"taxonomy":"category","embeddable":true,"href":"https:\/\/www.mariaabrahamsson.nu\/index.php\/wp-json\/wp\/v2\/categories?post=2509"},{"taxonomy":"post_tag","embeddable":true,"href":"https:\/\/www.mariaabrahamsson.nu\/index.php\/wp-json\/wp\/v2\/tags?post=2509"}],"curies":[{"name":"wp","href":"https:\/\/api.w.org\/{rel}","templated":true}]}}