{"id":2501,"date":"2010-07-15T14:44:49","date_gmt":"2010-07-15T14:44:49","guid":{"rendered":"http:\/\/www.mariaabrahamsson.nu\/?p=2501"},"modified":"2010-07-15T14:54:59","modified_gmt":"2010-07-15T14:54:59","slug":"och-regeringen-vill-ge-korkort-at-rattfyllerister","status":"publish","type":"post","link":"https:\/\/www.mariaabrahamsson.nu\/index.php\/2010\/07\/15\/och-regeringen-vill-ge-korkort-at-rattfyllerister\/","title":{"rendered":"Och regeringen vill ge rattfyllerister k\u00f6rkort?"},"content":{"rendered":"<p><strong>Att bli av med<\/strong> k\u00f6rkortet \u00e4r i juridisk mening inget straff, utan en trafikadministrativ \u00e5tg\u00e4rd. D\u00e4ri ligger f\u00f6rklaringen till varf\u00f6r k\u00f6rkortsfr\u00e5gan hanteras av infrastrukturminister \u00c5sa Torstensson och inte av justitieminister Beatrice Ask. Den ordningen kan &#8211; och b\u00f6r &#8211; diskuteras, s\u00e4rskilt som ett f\u00f6rlorat k\u00f6rkort ofta upplevs som den enda riktigt k\u00e4nnbara p\u00e5f\u00f6ljden f\u00f6r den som har k\u00f6rt alkoholp\u00e5verkad.<\/p>\n<p>I likhet med andra normalt t\u00e4nkande m\u00e4nniskor vill\u00a0Torstensson minska antalet rattfyllerister. Hennes metod f\u00f6r att g\u00f6ra det \u00e4r d\u00e4remot rent stollig. Hon vill n\u00e4mligen l\u00e5ta rattfyllerister f\u00e5 beh\u00e5lla k\u00f6rkortet om de installerar alkol\u00e5s i sina bilar.<\/p>\n<p><strong>\u2013 Alkol\u00e5set \u00e4r ett <\/strong>s\u00e4tt att f\u00e5nga upp den som vill bli av med sitt alkoholberoende. Med ett k\u00f6rkort kan man beh\u00e5lla sitt jobb och sitt sociala liv, s\u00e4ger ministern till <a href=\"http:\/\/www.aftonbladet.se\/nyheter\/article7472455.ab\">Aftonbladet.<\/a><\/p>\n<p>Finns den generositeten hos regeringen ocks\u00e5?<\/p>\n<p><strong>Ja, allts\u00e5 samma<\/strong> regering som fr\u00e5n i sommar har satt polisen p\u00e5 att jaga skeppare som har tagit en \u00f6l eller tv\u00e5 till <a href=\"http:\/\/www.svd.se\/nyheter\/inrikes\/hardare-lagar-mot-sjofylleri_4797175.svd\">sj\u00f6ss<\/a>? Samma regering som f\u00f6rordar tv\u00e5ngsvis <a href=\"http:\/\/www.svd.se\/nyheter\/inrikes\/lagradet-kors-over-om-drogtest_4426117.svd\">drogtester<\/a> p\u00e5 barn under 15 \u00e5r utan att f\u00f6r\u00e4ldrarna har kopplats in?<\/p>\n<p>Ja samma regering vars statsministers hustru, landstingspolitikern Filippa Reinfeldt, \u00e4gnade sig \u00e5t\u00a0<a href=\"http:\/\/www.svd.se\/nyheter\/inrikes\/m-stopp-for-sprutbyte-splittrar-allians_4837999.svd\">obstruktionspolitik<\/a> n\u00e4r hon i v\u00e5ras tvingade fram en senarel\u00e4ggning av beslutet att inleda en f\u00f6rs\u00f6ksverksamhet med str\u00e4ngt kontrollerad utdelning av rena sprutor till narkomaner.<\/p>\n<p><strong>Min fr\u00e5ga kvarst\u00e5r:<\/strong> Delar regeringen infrastrukturminister Torstenssons uppfattning att det \u00e4r okej att rattfyllerister f\u00e5r beh\u00e5lla k\u00f6rkortet?<\/p>\n","protected":false},"excerpt":{"rendered":"<p>Att bli av med k\u00f6rkortet \u00e4r i juridisk mening inget straff, utan en trafikadministrativ \u00e5tg\u00e4rd. D\u00e4ri ligger f\u00f6rklaringen till varf\u00f6r k\u00f6rkortsfr\u00e5gan hanteras av infrastrukturminister \u00c5sa Torstensson och inte av justitieminister Beatrice Ask. Den ordningen kan &#8211; och b\u00f6r &#8211; diskuteras, s\u00e4rskilt som ett f\u00f6rlorat k\u00f6rkort ofta upplevs som den enda riktigt k\u00e4nnbara p\u00e5f\u00f6ljden f\u00f6r den&hellip;<\/p>\n<p class=\"more-link-p\"><a class=\"more-link\" href=\"https:\/\/www.mariaabrahamsson.nu\/index.php\/2010\/07\/15\/och-regeringen-vill-ge-korkort-at-rattfyllerister\/\">Read more &rarr;<\/a><\/p>\n","protected":false},"author":2,"featured_media":0,"comment_status":"open","ping_status":"open","sticky":false,"template":"","format":"standard","meta":{"footnotes":""},"categories":[1],"tags":[],"class_list":["post-2501","post","type-post","status-publish","format-standard","hentry","category-uncategorized"],"_links":{"self":[{"href":"https:\/\/www.mariaabrahamsson.nu\/index.php\/wp-json\/wp\/v2\/posts\/2501","targetHints":{"allow":["GET"]}}],"collection":[{"href":"https:\/\/www.mariaabrahamsson.nu\/index.php\/wp-json\/wp\/v2\/posts"}],"about":[{"href":"https:\/\/www.mariaabrahamsson.nu\/index.php\/wp-json\/wp\/v2\/types\/post"}],"author":[{"embeddable":true,"href":"https:\/\/www.mariaabrahamsson.nu\/index.php\/wp-json\/wp\/v2\/users\/2"}],"replies":[{"embeddable":true,"href":"https:\/\/www.mariaabrahamsson.nu\/index.php\/wp-json\/wp\/v2\/comments?post=2501"}],"version-history":[{"count":0,"href":"https:\/\/www.mariaabrahamsson.nu\/index.php\/wp-json\/wp\/v2\/posts\/2501\/revisions"}],"wp:attachment":[{"href":"https:\/\/www.mariaabrahamsson.nu\/index.php\/wp-json\/wp\/v2\/media?parent=2501"}],"wp:term":[{"taxonomy":"category","embeddable":true,"href":"https:\/\/www.mariaabrahamsson.nu\/index.php\/wp-json\/wp\/v2\/categories?post=2501"},{"taxonomy":"post_tag","embeddable":true,"href":"https:\/\/www.mariaabrahamsson.nu\/index.php\/wp-json\/wp\/v2\/tags?post=2501"}],"curies":[{"name":"wp","href":"https:\/\/api.w.org\/{rel}","templated":true}]}}